{"id":4296,"date":"2023-10-24T06:40:57","date_gmt":"2023-10-24T06:40:57","guid":{"rendered":"https:\/\/hashivah.org\/?p=4296"},"modified":"2023-11-13T13:27:01","modified_gmt":"2023-11-13T13:27:01","slug":"who-says-hamas-does-not-represent-the-palestinians","status":"publish","type":"post","link":"https:\/\/hashivah.org\/sv\/who-says-hamas-does-not-represent-the-palestinians\/","title":{"rendered":"Vem s\u00e4ger att Hamas inte representerar palestinierna?"},"content":{"rendered":"<p><span class=\"dropcap dropcap3\"><img loading=\"lazy\" decoding=\"async\" class=\"alignleft size-medium wp-image-4332\" src=\"https:\/\/hashivah.org\/wp-content\/uploads\/2023\/10\/page-05-218x300.jpg\" alt=\"\" width=\"218\" height=\"300\" srcset=\"https:\/\/hashivah.org\/wp-content\/uploads\/2023\/10\/page-05-218x300.jpg 218w, https:\/\/hashivah.org\/wp-content\/uploads\/2023\/10\/page-05-244x335.jpg 244w, https:\/\/hashivah.org\/wp-content\/uploads\/2023\/10\/page-05-286x394.jpg 286w, https:\/\/hashivah.org\/wp-content\/uploads\/2023\/10\/page-05.jpg 661w\" sizes=\"auto, (max-width: 218px) 100vw, 218px\" \/>U<\/span>SA:s president Joe Biden m.fl. h\u00e4vdar att <em>Hamas<\/em> inte representerar palestinierna. P\u00e5st\u00e5endet \u00e4r ett l\u00f6mskt falsifikat.<\/p>\n<p>Sanningen \u00e4r att om ett allm\u00e4nt val h\u00f6lls i Gaza eller inom PA (den palestinska f\u00f6rvaltningen) skulle 58% av de r\u00f6stande v\u00e4lja Hamas. Dessutom f\u00f6rordar 71% av palestinierna uppr\u00e4ttandet av bev\u00e4pnade grupper med uppgift att m\u00f6rda israeler, enligt en opinionsunders\u00f6kning gjord av <em>Palestinian Center for Policy and Survey Research<\/em> (PSR) 6-9 september.<\/p>\n<p>Endast 38% av palestinierna skulle r\u00f6sta p\u00e5 det regerande partiet <em>Fatah,<\/em> som 78% av de r\u00f6stber\u00e4ttigade \u00f6nskar utbytt (<em>Gatestone Institute,<\/em> Bassam Tawil, 23 oktober 2023).<\/p>\n<p>Hamas uppr\u00e4ttades 1988 som en avknoppning fr\u00e5n det fundamentalistiska, nazistallierade Muslimska Br\u00f6draskapet som grundats p\u00e5 1920-talet \u2013 och \u00e4r <em>inte<\/em> som s\u00e5 ofta h\u00e4vdas en skapelse av Israels premi\u00e4rminister Benjamin Netanyahu. I sitt grunddokument proklamerar Hamas sin avsikt att utradera Israel (<em>Gatestone Institute,<\/em> Daniel Greenfield, 23 oktober 2023).<\/p>","protected":false},"excerpt":{"rendered":"<p>USA:s president Joe Biden m.fl. h\u00e4vdar att Hamas inte representerar palestinierna. P\u00e5st\u00e5endet \u00e4r ett l\u00f6mskt falsifikat. Sanningen \u00e4r att om ett allm\u00e4nt val h\u00f6lls i Gaza eller inom PA (den palestinska f\u00f6rvaltningen) skulle 58% av de r\u00f6stande v\u00e4lja Hamas. Dessutom f\u00f6rordar 71% av palestinierna uppr\u00e4ttandet av bev\u00e4pnade grupper med uppgift att m\u00f6rda israeler, enligt en [&hellip;]<\/p>\n","protected":false},"author":7,"featured_media":0,"comment_status":"open","ping_status":"open","sticky":false,"template":"","format":"standard","meta":{"_monsterinsights_skip_tracking":false,"_monsterinsights_sitenote_active":false,"_monsterinsights_sitenote_note":"","_monsterinsights_sitenote_category":0,"footnotes":""},"categories":[5,33],"tags":[],"class_list":["post-4296","post","type-post","status-publish","format-standard","hentry","category-article","category-featured"],"yoast_head":"<!-- This site is optimized with the Yoast SEO plugin v27.2 - https:\/\/yoast.com\/product\/yoast-seo-wordpress\/ -->\n<title>Vem s\u00e4ger att Hamas inte representerar palestinierna? - Lema&#039;an Zion<\/title>\n<meta name=\"robots\" content=\"index, follow, max-snippet:-1, max-image-preview:large, max-video-preview:-1\" \/>\n<link rel=\"canonical\" href=\"https:\/\/hashivah.org\/who-says-hamas-does-not-represent-the-palestinians\/\" \/>\n<meta property=\"og:locale\" content=\"sv_SE\" \/>\n<meta property=\"og:type\" content=\"article\" \/>\n<meta property=\"og:title\" content=\"Vem s\u00e4ger att Hamas inte representerar palestinierna? - Lema&#039;an Zion\" \/>\n<meta property=\"og:description\" content=\"USA:s president Joe Biden m.fl. h\u00e4vdar att Hamas inte representerar palestinierna. P\u00e5st\u00e5endet \u00e4r ett l\u00f6mskt falsifikat. Sanningen \u00e4r att om ett allm\u00e4nt val h\u00f6lls i Gaza eller inom PA (den palestinska f\u00f6rvaltningen) skulle 58% av de r\u00f6stande v\u00e4lja Hamas. Dessutom f\u00f6rordar 71% av palestinierna uppr\u00e4ttandet av bev\u00e4pnade grupper med uppgift att m\u00f6rda israeler, enligt en [&hellip;]\" \/>\n<meta property=\"og:url\" content=\"https:\/\/hashivah.org\/who-says-hamas-does-not-represent-the-palestinians\/\" \/>\n<meta property=\"og:site_name\" content=\"Lema&#039;an Zion\" \/>\n<meta property=\"article:published_time\" content=\"2023-10-24T06:40:57+00:00\" \/>\n<meta property=\"article:modified_time\" content=\"2023-11-13T13:27:01+00:00\" \/>\n<meta property=\"og:image\" content=\"https:\/\/hashivah.org\/wp-content\/uploads\/2023\/10\/page-05-218x300.jpg\" \/>\n<meta name=\"author\" content=\"David B. Goldberg, M.A.\" \/>\n<meta name=\"twitter:card\" content=\"summary_large_image\" \/>\n<meta name=\"twitter:label1\" content=\"Skriven av\" \/>\n\t<meta name=\"twitter:data1\" content=\"David B. Goldberg, M.A.\" \/>\n\t<meta name=\"twitter:label2\" content=\"Ber\u00e4knad l\u00e4stid\" \/>\n\t<meta name=\"twitter:data2\" content=\"1 minut\" \/>\n<script type=\"application\/ld+json\" class=\"yoast-schema-graph\">{\"@context\":\"https:\/\/schema.org\",\"@graph\":[{\"@type\":\"Article\",\"@id\":\"https:\/\/hashivah.org\/who-says-hamas-does-not-represent-the-palestinians\/#article\",\"isPartOf\":{\"@id\":\"https:\/\/hashivah.org\/who-says-hamas-does-not-represent-the-palestinians\/\"},\"author\":{\"name\":\"David B. Goldberg, M.A.\",\"@id\":\"https:\/\/hashivah.org\/#\/schema\/person\/2bddd9ada511fa73843ae58b5e797eaa\"},\"headline\":\"Vem s\u00e4ger att Hamas inte representerar palestinierna?\",\"datePublished\":\"2023-10-24T06:40:57+00:00\",\"dateModified\":\"2023-11-13T13:27:01+00:00\",\"mainEntityOfPage\":{\"@id\":\"https:\/\/hashivah.org\/who-says-hamas-does-not-represent-the-palestinians\/\"},\"wordCount\":492,\"commentCount\":0,\"image\":{\"@id\":\"https:\/\/hashivah.org\/who-says-hamas-does-not-represent-the-palestinians\/#primaryimage\"},\"thumbnailUrl\":\"https:\/\/hashivah.org\/wp-content\/uploads\/2023\/10\/page-05-218x300.jpg\",\"articleSection\":[\"Artiklar\",\"Featured\"],\"inLanguage\":\"sv-SE\",\"potentialAction\":[{\"@type\":\"CommentAction\",\"name\":\"Comment\",\"target\":[\"https:\/\/hashivah.org\/who-says-hamas-does-not-represent-the-palestinians\/#respond\"]}]},{\"@type\":\"WebPage\",\"@id\":\"https:\/\/hashivah.org\/who-says-hamas-does-not-represent-the-palestinians\/\",\"url\":\"https:\/\/hashivah.org\/who-says-hamas-does-not-represent-the-palestinians\/\",\"name\":\"Vem s\u00e4ger att Hamas inte representerar palestinierna? - Lema&#039;an Zion\",\"isPartOf\":{\"@id\":\"https:\/\/hashivah.org\/#website\"},\"primaryImageOfPage\":{\"@id\":\"https:\/\/hashivah.org\/who-says-hamas-does-not-represent-the-palestinians\/#primaryimage\"},\"image\":{\"@id\":\"https:\/\/hashivah.org\/who-says-hamas-does-not-represent-the-palestinians\/#primaryimage\"},\"thumbnailUrl\":\"https:\/\/hashivah.org\/wp-content\/uploads\/2023\/10\/page-05-218x300.jpg\",\"datePublished\":\"2023-10-24T06:40:57+00:00\",\"dateModified\":\"2023-11-13T13:27:01+00:00\",\"author\":{\"@id\":\"https:\/\/hashivah.org\/#\/schema\/person\/2bddd9ada511fa73843ae58b5e797eaa\"},\"breadcrumb\":{\"@id\":\"https:\/\/hashivah.org\/who-says-hamas-does-not-represent-the-palestinians\/#breadcrumb\"},\"inLanguage\":\"sv-SE\",\"potentialAction\":[{\"@type\":\"ReadAction\",\"target\":[\"https:\/\/hashivah.org\/who-says-hamas-does-not-represent-the-palestinians\/\"]}]},{\"@type\":\"ImageObject\",\"inLanguage\":\"sv-SE\",\"@id\":\"https:\/\/hashivah.org\/who-says-hamas-does-not-represent-the-palestinians\/#primaryimage\",\"url\":\"https:\/\/hashivah.org\/wp-content\/uploads\/2023\/10\/page-05-218x300.jpg\",\"contentUrl\":\"https:\/\/hashivah.org\/wp-content\/uploads\/2023\/10\/page-05-218x300.jpg\"},{\"@type\":\"BreadcrumbList\",\"@id\":\"https:\/\/hashivah.org\/who-says-hamas-does-not-represent-the-palestinians\/#breadcrumb\",\"itemListElement\":[{\"@type\":\"ListItem\",\"position\":1,\"name\":\"Home\",\"item\":\"https:\/\/hashivah.org\/\"},{\"@type\":\"ListItem\",\"position\":2,\"name\":\"Who says Hamas does not represent the Palestinians?\"}]},{\"@type\":\"WebSite\",\"@id\":\"https:\/\/hashivah.org\/#website\",\"url\":\"https:\/\/hashivah.org\/\",\"name\":\"Lema&#039;an Zion\",\"description\":\"My WordPress Blog\",\"potentialAction\":[{\"@type\":\"SearchAction\",\"target\":{\"@type\":\"EntryPoint\",\"urlTemplate\":\"https:\/\/hashivah.org\/?s={search_term_string}\"},\"query-input\":{\"@type\":\"PropertyValueSpecification\",\"valueRequired\":true,\"valueName\":\"search_term_string\"}}],\"inLanguage\":\"sv-SE\"},{\"@type\":\"Person\",\"@id\":\"https:\/\/hashivah.org\/#\/schema\/person\/2bddd9ada511fa73843ae58b5e797eaa\",\"name\":\"David B. Goldberg, M.A.\",\"image\":{\"@type\":\"ImageObject\",\"inLanguage\":\"sv-SE\",\"@id\":\"https:\/\/hashivah.org\/wp-content\/uploads\/2021\/11\/unnamed-150x150.png\",\"url\":\"https:\/\/hashivah.org\/wp-content\/uploads\/2021\/11\/unnamed-150x150.png\",\"contentUrl\":\"https:\/\/hashivah.org\/wp-content\/uploads\/2021\/11\/unnamed-150x150.png\",\"caption\":\"David B. Goldberg, M.A.\"},\"url\":\"https:\/\/hashivah.org\/sv\/author\/dave\/\"}]}<\/script>\n<!-- \/ Yoast SEO plugin. -->","yoast_head_json":{"title":"Vem s\u00e4ger att Hamas inte representerar palestinierna? - Lema&#039;an Zion","robots":{"index":"index","follow":"follow","max-snippet":"max-snippet:-1","max-image-preview":"max-image-preview:large","max-video-preview":"max-video-preview:-1"},"canonical":"https:\/\/hashivah.org\/who-says-hamas-does-not-represent-the-palestinians\/","og_locale":"sv_SE","og_type":"article","og_title":"Vem s\u00e4ger att Hamas inte representerar palestinierna? - Lema&#039;an Zion","og_description":"USA:s president Joe Biden m.fl. h\u00e4vdar att Hamas inte representerar palestinierna. P\u00e5st\u00e5endet \u00e4r ett l\u00f6mskt falsifikat. Sanningen \u00e4r att om ett allm\u00e4nt val h\u00f6lls i Gaza eller inom PA (den palestinska f\u00f6rvaltningen) skulle 58% av de r\u00f6stande v\u00e4lja Hamas. Dessutom f\u00f6rordar 71% av palestinierna uppr\u00e4ttandet av bev\u00e4pnade grupper med uppgift att m\u00f6rda israeler, enligt en [&hellip;]","og_url":"https:\/\/hashivah.org\/who-says-hamas-does-not-represent-the-palestinians\/","og_site_name":"Lema&#039;an Zion","article_published_time":"2023-10-24T06:40:57+00:00","article_modified_time":"2023-11-13T13:27:01+00:00","og_image":[{"url":"https:\/\/hashivah.org\/wp-content\/uploads\/2023\/10\/page-05-218x300.jpg","type":"","width":"","height":""}],"author":"David B. Goldberg, M.A.","twitter_card":"summary_large_image","twitter_misc":{"Skriven av":"David B. Goldberg, M.A.","Ber\u00e4knad l\u00e4stid":"1 minut"},"schema":{"@context":"https:\/\/schema.org","@graph":[{"@type":"Article","@id":"https:\/\/hashivah.org\/who-says-hamas-does-not-represent-the-palestinians\/#article","isPartOf":{"@id":"https:\/\/hashivah.org\/who-says-hamas-does-not-represent-the-palestinians\/"},"author":{"name":"David B. Goldberg, M.A.","@id":"https:\/\/hashivah.org\/#\/schema\/person\/2bddd9ada511fa73843ae58b5e797eaa"},"headline":"Vem s\u00e4ger att Hamas inte representerar palestinierna?","datePublished":"2023-10-24T06:40:57+00:00","dateModified":"2023-11-13T13:27:01+00:00","mainEntityOfPage":{"@id":"https:\/\/hashivah.org\/who-says-hamas-does-not-represent-the-palestinians\/"},"wordCount":492,"commentCount":0,"image":{"@id":"https:\/\/hashivah.org\/who-says-hamas-does-not-represent-the-palestinians\/#primaryimage"},"thumbnailUrl":"https:\/\/hashivah.org\/wp-content\/uploads\/2023\/10\/page-05-218x300.jpg","articleSection":["Artiklar","Featured"],"inLanguage":"sv-SE","potentialAction":[{"@type":"CommentAction","name":"Comment","target":["https:\/\/hashivah.org\/who-says-hamas-does-not-represent-the-palestinians\/#respond"]}]},{"@type":"WebPage","@id":"https:\/\/hashivah.org\/who-says-hamas-does-not-represent-the-palestinians\/","url":"https:\/\/hashivah.org\/who-says-hamas-does-not-represent-the-palestinians\/","name":"Vem s\u00e4ger att Hamas inte representerar palestinierna? - Lema&#039;an Zion","isPartOf":{"@id":"https:\/\/hashivah.org\/#website"},"primaryImageOfPage":{"@id":"https:\/\/hashivah.org\/who-says-hamas-does-not-represent-the-palestinians\/#primaryimage"},"image":{"@id":"https:\/\/hashivah.org\/who-says-hamas-does-not-represent-the-palestinians\/#primaryimage"},"thumbnailUrl":"https:\/\/hashivah.org\/wp-content\/uploads\/2023\/10\/page-05-218x300.jpg","datePublished":"2023-10-24T06:40:57+00:00","dateModified":"2023-11-13T13:27:01+00:00","author":{"@id":"https:\/\/hashivah.org\/#\/schema\/person\/2bddd9ada511fa73843ae58b5e797eaa"},"breadcrumb":{"@id":"https:\/\/hashivah.org\/who-says-hamas-does-not-represent-the-palestinians\/#breadcrumb"},"inLanguage":"sv-SE","potentialAction":[{"@type":"ReadAction","target":["https:\/\/hashivah.org\/who-says-hamas-does-not-represent-the-palestinians\/"]}]},{"@type":"ImageObject","inLanguage":"sv-SE","@id":"https:\/\/hashivah.org\/who-says-hamas-does-not-represent-the-palestinians\/#primaryimage","url":"https:\/\/hashivah.org\/wp-content\/uploads\/2023\/10\/page-05-218x300.jpg","contentUrl":"https:\/\/hashivah.org\/wp-content\/uploads\/2023\/10\/page-05-218x300.jpg"},{"@type":"BreadcrumbList","@id":"https:\/\/hashivah.org\/who-says-hamas-does-not-represent-the-palestinians\/#breadcrumb","itemListElement":[{"@type":"ListItem","position":1,"name":"Home","item":"https:\/\/hashivah.org\/"},{"@type":"ListItem","position":2,"name":"Who says Hamas does not represent the Palestinians?"}]},{"@type":"WebSite","@id":"https:\/\/hashivah.org\/#website","url":"https:\/\/hashivah.org\/","name":"Lema&#039;an Zion","description":"My WordPress Blog","potentialAction":[{"@type":"SearchAction","target":{"@type":"EntryPoint","urlTemplate":"https:\/\/hashivah.org\/?s={search_term_string}"},"query-input":{"@type":"PropertyValueSpecification","valueRequired":true,"valueName":"search_term_string"}}],"inLanguage":"sv-SE"},{"@type":"Person","@id":"https:\/\/hashivah.org\/#\/schema\/person\/2bddd9ada511fa73843ae58b5e797eaa","name":"David B. Goldberg, M.A.","image":{"@type":"ImageObject","inLanguage":"sv-SE","@id":"https:\/\/hashivah.org\/wp-content\/uploads\/2021\/11\/unnamed-150x150.png","url":"https:\/\/hashivah.org\/wp-content\/uploads\/2021\/11\/unnamed-150x150.png","contentUrl":"https:\/\/hashivah.org\/wp-content\/uploads\/2021\/11\/unnamed-150x150.png","caption":"David B. Goldberg, M.A."},"url":"https:\/\/hashivah.org\/sv\/author\/dave\/"}]}},"jetpack_featured_media_url":"","wps_subtitle":"","_links":{"self":[{"href":"https:\/\/hashivah.org\/sv\/wp-json\/wp\/v2\/posts\/4296","targetHints":{"allow":["GET"]}}],"collection":[{"href":"https:\/\/hashivah.org\/sv\/wp-json\/wp\/v2\/posts"}],"about":[{"href":"https:\/\/hashivah.org\/sv\/wp-json\/wp\/v2\/types\/post"}],"author":[{"embeddable":true,"href":"https:\/\/hashivah.org\/sv\/wp-json\/wp\/v2\/users\/7"}],"replies":[{"embeddable":true,"href":"https:\/\/hashivah.org\/sv\/wp-json\/wp\/v2\/comments?post=4296"}],"version-history":[{"count":6,"href":"https:\/\/hashivah.org\/sv\/wp-json\/wp\/v2\/posts\/4296\/revisions"}],"predecessor-version":[{"id":4334,"href":"https:\/\/hashivah.org\/sv\/wp-json\/wp\/v2\/posts\/4296\/revisions\/4334"}],"wp:attachment":[{"href":"https:\/\/hashivah.org\/sv\/wp-json\/wp\/v2\/media?parent=4296"}],"wp:term":[{"taxonomy":"category","embeddable":true,"href":"https:\/\/hashivah.org\/sv\/wp-json\/wp\/v2\/categories?post=4296"},{"taxonomy":"post_tag","embeddable":true,"href":"https:\/\/hashivah.org\/sv\/wp-json\/wp\/v2\/tags?post=4296"}],"curies":[{"name":"wp","href":"https:\/\/api.w.org\/{rel}","templated":true}]}}