{"id":1863,"date":"2017-12-21T20:11:55","date_gmt":"2017-12-21T18:11:55","guid":{"rendered":"http:\/\/lhashivah.org\/?p=1863"},"modified":"2020-06-03T11:43:32","modified_gmt":"2020-06-03T11:43:32","slug":"arabs-defending-israel","status":"publish","type":"post","link":"https:\/\/hashivah.org\/sv\/arabs-defending-israel\/","title":{"rendered":"Araber som f\u00f6rsvarar Israel"},"content":{"rendered":"<p><span class=\"dropcap dropcap3\">E<\/span><strong>n formlig tsunami av m\u00e4nniskor tar parti f\u00f6r Israel. Inte bara israeler, ortodoxa judar och evangeliska kristna, utan ocks\u00e5 muslimska araber.<\/strong><\/p>\n<p><span class=\"dropcap dropcap3\">Y<\/span>ael Eckstein skriver (<em>Jerusalem Post<\/em>, 3 oktober 2017) att hon bes\u00f6kte en arabisk-israelisk familjs sorget\u00e4lt i byn Abu Ghosh strax v\u00e4ster om Jerusalem. Suheir Ottmans son, s\u00e4kerhetsvakten Youssef, hade n\u00e5gra dagar dessf\u00f6rinnan m\u00f6rdats i en terrorattack.<\/p>\n<p>Medan dussintals muslimska bygrannar s\u00e5g p\u00e5 och nickade inst\u00e4mmande, talade Suheir, ikl\u00e4dd en vit skjorta med israelisk flagga p\u00e5 axeln, passionerat och utan t\u00e5rar: \u201dMin son, som d\u00f6dades av en terrorist [medan han] skyddade den judiska byn Har Adar, \u00e4r en hj\u00e4lte. Han dog medan han k\u00e4mpade f\u00f6r den r\u00e4tta sidan: Israel. I den p\u00e5g\u00e5ende konflikten \u00e4r Israel den sida som st\u00e5r f\u00f6r r\u00e4ttvisa och som st\u00e4ndigt efterstr\u00e4var fred. Jag \u00e4r stolt \u00f6ver min son, som gav sitt liv f\u00f6r att terroristen inte skulle kunna ta sig in i byn och d\u00f6da fler m\u00e4nniskor.\u201d<\/p>\n<p><span class=\"dropcap dropcap3\">E<\/span>n annan arabisk-israelisk muslim, Nuseir Yassin fr\u00e5n Arrabe i Galil\u00e9en, rapporterar dagligen fr\u00e5n sina resor v\u00e4rlden \u00f6ver (facebook.com\/nasdaily).<\/p>\n<div id=\"attachment_1809\" style=\"width: 220px\" class=\"wp-caption alignright\"><img loading=\"lazy\" decoding=\"async\" aria-describedby=\"caption-attachment-1809\" class=\"size-full wp-image-1809\" src=\"https:\/\/hashivah.org\/wp-content\/uploads\/2017\/11\/arabs-defending-israel.png\" alt=\"\" width=\"210\" height=\"254\" \/><p id=\"caption-attachment-1809\" class=\"wp-caption-text\">Image by Facebook<\/p><\/div>\n<p>Den 1 oktober informerade han i uppr\u00f6rda ordalag 700.000 <em>Facebook<\/em>-kontakter om att han hindrats g\u00e5 ombord p\u00e5 Kuwait Airlines flyg fr\u00e5n New York till Indien. Hans brott? Han hade israeliskt pass \u2013 och Kuwait bojkottar Israel.<\/p>\n<p>\u201dEftersom jag \u00e4r israel f\u00f6rbjuds ett helt flygbolag att l\u00e5ta mig g\u00e5 ombord p\u00e5 dess plan trots att min destination inte \u00e4r Kuwait\u201d, meddelade han, kallade det hela diskriminerande och tillade att \u201ddetta borde vara f\u00f6rbjudet\u201d.<\/p>\n<p>Han h\u00e5nade det oljerika kungad\u00f6met: \u201dK\u00e4ra Kuwait, om ni vill bojkotta Israel: Var s\u00e5 god! F\u00f6rv\u00e4gra mig era tj\u00e4nster. Men avst\u00e5 d\u00e5 ocks\u00e5 fr\u00e5n era USB-minnen, telefoner, trafiks\u00e4kra bilar, er <em>Viber<\/em>, <em>Waze<\/em> eller ert virusskydd\u201d; samtliga dessa \u00e4r israeliska uppfinningar.<\/p>\n<p>\u201dOm ni vill bojkotta Israel f\u00f6r Palestinas skull, tvivlar jag p\u00e5 er omsorg\u201d, rasade han, \u201df\u00f6r samtidigt bojkottar ni tv\u00e5 miljoner muslimsk-palestinska israeler som mig\u2026 och det gagnar bara makthavarna, de f\u00f6rlegade, odemokratiska arabiska kungarna\u2026\u201d<\/p>\n<p><span class=\"dropcap dropcap3\">E<\/span>n aktuell opinionsunders\u00f6kning utf\u00f6rd av <em>Konrad Adenauer Stiftung<\/em> vid Tel Avivs universitet avsl\u00f6jade att ett v\u00e4xande antal arabiska medborgare i Israel, 54%, numera kallar sig israeler, medan f\u00e4rre \u00e4n en sj\u00e4ttedel fortfarande kallar sig palestinier. Och 60% har numera en v\u00e4lvillig inst\u00e4llning till Israel (<em>Jerusalem Post<\/em>, 27 september 2017).<\/p>\n<div style=\"text-align: right;\">\u2013 Red.<\/div>\n<p><\/p>","protected":false},"excerpt":{"rendered":"<p>En formlig tsunami av m\u00e4nniskor tar parti f\u00f6r Israel. Inte bara israeler, ortodoxa judar och evangeliska kristna, utan ocks\u00e5 muslimska araber. Yael Eckstein skriver (Jerusalem Post, 3 oktober 2017) att hon bes\u00f6kte en arabisk-israelisk familjs sorget\u00e4lt i byn Abu Ghosh strax v\u00e4ster om Jerusalem. Suheir Ottmans son, s\u00e4kerhetsvakten Youssef, hade n\u00e5gra dagar dessf\u00f6rinnan m\u00f6rdats i [&hellip;]<\/p>\n","protected":false},"author":7,"featured_media":1864,"comment_status":"closed","ping_status":"closed","sticky":false,"template":"","format":"standard","meta":{"_monsterinsights_skip_tracking":false,"_monsterinsights_sitenote_active":false,"_monsterinsights_sitenote_note":"","_monsterinsights_sitenote_category":0,"footnotes":""},"categories":[5],"tags":[65,66,67],"class_list":["post-1863","post","type-post","status-publish","format-standard","has-post-thumbnail","hentry","category-article","tag-israel-support","tag-terror-attack-in-abou-gosh","tag-yael-eckstein"],"yoast_head":"<!-- This site is optimized with the Yoast SEO plugin v27.2 - https:\/\/yoast.com\/product\/yoast-seo-wordpress\/ -->\n<title>Araber som f\u00f6rsvarar Israel - Lema&#039;an Zion<\/title>\n<meta name=\"robots\" content=\"index, follow, max-snippet:-1, max-image-preview:large, max-video-preview:-1\" \/>\n<link rel=\"canonical\" href=\"https:\/\/hashivah.org\/da\/arabs-defending-israel\/\" \/>\n<meta property=\"og:locale\" content=\"sv_SE\" \/>\n<meta property=\"og:type\" content=\"article\" \/>\n<meta property=\"og:title\" content=\"Araber som f\u00f6rsvarar Israel - Lema&#039;an Zion\" \/>\n<meta property=\"og:description\" content=\"En formlig tsunami av m\u00e4nniskor tar parti f\u00f6r Israel. Inte bara israeler, ortodoxa judar och evangeliska kristna, utan ocks\u00e5 muslimska araber. Yael Eckstein skriver (Jerusalem Post, 3 oktober 2017) att hon bes\u00f6kte en arabisk-israelisk familjs sorget\u00e4lt i byn Abu Ghosh strax v\u00e4ster om Jerusalem. Suheir Ottmans son, s\u00e4kerhetsvakten Youssef, hade n\u00e5gra dagar dessf\u00f6rinnan m\u00f6rdats i [&hellip;]\" \/>\n<meta property=\"og:url\" content=\"https:\/\/hashivah.org\/da\/arabs-defending-israel\/\" \/>\n<meta property=\"og:site_name\" content=\"Lema&#039;an Zion\" \/>\n<meta property=\"article:published_time\" content=\"2017-12-21T18:11:55+00:00\" \/>\n<meta property=\"article:modified_time\" content=\"2020-06-03T11:43:32+00:00\" \/>\n<meta property=\"og:image\" content=\"https:\/\/hashivah.org\/wp-content\/uploads\/2017\/12\/arabs-defending-israel-1.jpg\" \/>\n\t<meta property=\"og:image:width\" content=\"1500\" \/>\n\t<meta property=\"og:image:height\" content=\"999\" \/>\n\t<meta property=\"og:image:type\" content=\"image\/jpeg\" \/>\n<meta name=\"author\" content=\"David B. Goldberg, M.A.\" \/>\n<meta name=\"twitter:card\" content=\"summary_large_image\" \/>\n<meta name=\"twitter:label1\" content=\"Skriven av\" \/>\n\t<meta name=\"twitter:data1\" content=\"David B. Goldberg, M.A.\" \/>\n\t<meta name=\"twitter:label2\" content=\"Ber\u00e4knad l\u00e4stid\" \/>\n\t<meta name=\"twitter:data2\" content=\"8 minuter\" \/>\n<script type=\"application\/ld+json\" class=\"yoast-schema-graph\">{\"@context\":\"https:\/\/schema.org\",\"@graph\":[{\"@type\":\"Article\",\"@id\":\"https:\/\/hashivah.org\/da\/arabs-defending-israel\/#article\",\"isPartOf\":{\"@id\":\"https:\/\/hashivah.org\/da\/arabs-defending-israel\/\"},\"author\":{\"name\":\"David B. Goldberg, M.A.\",\"@id\":\"https:\/\/hashivah.org\/#\/schema\/person\/2bddd9ada511fa73843ae58b5e797eaa\"},\"headline\":\"Araber som f\u00f6rsvarar Israel\",\"datePublished\":\"2017-12-21T18:11:55+00:00\",\"dateModified\":\"2020-06-03T11:43:32+00:00\",\"mainEntityOfPage\":{\"@id\":\"https:\/\/hashivah.org\/da\/arabs-defending-israel\/\"},\"wordCount\":1688,\"image\":{\"@id\":\"https:\/\/hashivah.org\/da\/arabs-defending-israel\/#primaryimage\"},\"thumbnailUrl\":\"https:\/\/hashivah.org\/wp-content\/uploads\/2017\/12\/arabs-defending-israel-1.jpg\",\"keywords\":[\"Israel Support\",\"Terror Attack in Abou Gosh\",\"Yael Eckstein\"],\"articleSection\":[\"Artiklar\"],\"inLanguage\":\"sv-SE\"},{\"@type\":\"WebPage\",\"@id\":\"https:\/\/hashivah.org\/da\/arabs-defending-israel\/\",\"url\":\"https:\/\/hashivah.org\/da\/arabs-defending-israel\/\",\"name\":\"Araber som f\u00f6rsvarar Israel - Lema&#039;an Zion\",\"isPartOf\":{\"@id\":\"https:\/\/hashivah.org\/#website\"},\"primaryImageOfPage\":{\"@id\":\"https:\/\/hashivah.org\/da\/arabs-defending-israel\/#primaryimage\"},\"image\":{\"@id\":\"https:\/\/hashivah.org\/da\/arabs-defending-israel\/#primaryimage\"},\"thumbnailUrl\":\"https:\/\/hashivah.org\/wp-content\/uploads\/2017\/12\/arabs-defending-israel-1.jpg\",\"datePublished\":\"2017-12-21T18:11:55+00:00\",\"dateModified\":\"2020-06-03T11:43:32+00:00\",\"author\":{\"@id\":\"https:\/\/hashivah.org\/#\/schema\/person\/2bddd9ada511fa73843ae58b5e797eaa\"},\"breadcrumb\":{\"@id\":\"https:\/\/hashivah.org\/da\/arabs-defending-israel\/#breadcrumb\"},\"inLanguage\":\"sv-SE\",\"potentialAction\":[{\"@type\":\"ReadAction\",\"target\":[\"https:\/\/hashivah.org\/da\/arabs-defending-israel\/\"]}]},{\"@type\":\"ImageObject\",\"inLanguage\":\"sv-SE\",\"@id\":\"https:\/\/hashivah.org\/da\/arabs-defending-israel\/#primaryimage\",\"url\":\"https:\/\/hashivah.org\/wp-content\/uploads\/2017\/12\/arabs-defending-israel-1.jpg\",\"contentUrl\":\"https:\/\/hashivah.org\/wp-content\/uploads\/2017\/12\/arabs-defending-israel-1.jpg\",\"width\":1500,\"height\":999},{\"@type\":\"BreadcrumbList\",\"@id\":\"https:\/\/hashivah.org\/da\/arabs-defending-israel\/#breadcrumb\",\"itemListElement\":[{\"@type\":\"ListItem\",\"position\":1,\"name\":\"Home\",\"item\":\"https:\/\/hashivah.org\/\"},{\"@type\":\"ListItem\",\"position\":2,\"name\":\"Araber som f\u00f6rsvarar Israel\"}]},{\"@type\":\"WebSite\",\"@id\":\"https:\/\/hashivah.org\/#website\",\"url\":\"https:\/\/hashivah.org\/\",\"name\":\"Lema&#039;an Zion\",\"description\":\"My WordPress Blog\",\"potentialAction\":[{\"@type\":\"SearchAction\",\"target\":{\"@type\":\"EntryPoint\",\"urlTemplate\":\"https:\/\/hashivah.org\/?s={search_term_string}\"},\"query-input\":{\"@type\":\"PropertyValueSpecification\",\"valueRequired\":true,\"valueName\":\"search_term_string\"}}],\"inLanguage\":\"sv-SE\"},{\"@type\":\"Person\",\"@id\":\"https:\/\/hashivah.org\/#\/schema\/person\/2bddd9ada511fa73843ae58b5e797eaa\",\"name\":\"David B. Goldberg, M.A.\",\"image\":{\"@type\":\"ImageObject\",\"inLanguage\":\"sv-SE\",\"@id\":\"https:\/\/hashivah.org\/wp-content\/uploads\/2021\/11\/unnamed-150x150.png\",\"url\":\"https:\/\/hashivah.org\/wp-content\/uploads\/2021\/11\/unnamed-150x150.png\",\"contentUrl\":\"https:\/\/hashivah.org\/wp-content\/uploads\/2021\/11\/unnamed-150x150.png\",\"caption\":\"David B. Goldberg, M.A.\"},\"url\":\"https:\/\/hashivah.org\/sv\/author\/dave\/\"}]}<\/script>\n<!-- \/ Yoast SEO plugin. -->","yoast_head_json":{"title":"Araber som f\u00f6rsvarar Israel - Lema&#039;an Zion","robots":{"index":"index","follow":"follow","max-snippet":"max-snippet:-1","max-image-preview":"max-image-preview:large","max-video-preview":"max-video-preview:-1"},"canonical":"https:\/\/hashivah.org\/da\/arabs-defending-israel\/","og_locale":"sv_SE","og_type":"article","og_title":"Araber som f\u00f6rsvarar Israel - Lema&#039;an Zion","og_description":"En formlig tsunami av m\u00e4nniskor tar parti f\u00f6r Israel. Inte bara israeler, ortodoxa judar och evangeliska kristna, utan ocks\u00e5 muslimska araber. Yael Eckstein skriver (Jerusalem Post, 3 oktober 2017) att hon bes\u00f6kte en arabisk-israelisk familjs sorget\u00e4lt i byn Abu Ghosh strax v\u00e4ster om Jerusalem. Suheir Ottmans son, s\u00e4kerhetsvakten Youssef, hade n\u00e5gra dagar dessf\u00f6rinnan m\u00f6rdats i [&hellip;]","og_url":"https:\/\/hashivah.org\/da\/arabs-defending-israel\/","og_site_name":"Lema&#039;an Zion","article_published_time":"2017-12-21T18:11:55+00:00","article_modified_time":"2020-06-03T11:43:32+00:00","og_image":[{"width":1500,"height":999,"url":"https:\/\/hashivah.org\/wp-content\/uploads\/2017\/12\/arabs-defending-israel-1.jpg","type":"image\/jpeg"}],"author":"David B. Goldberg, M.A.","twitter_card":"summary_large_image","twitter_misc":{"Skriven av":"David B. Goldberg, M.A.","Ber\u00e4knad l\u00e4stid":"8 minuter"},"schema":{"@context":"https:\/\/schema.org","@graph":[{"@type":"Article","@id":"https:\/\/hashivah.org\/da\/arabs-defending-israel\/#article","isPartOf":{"@id":"https:\/\/hashivah.org\/da\/arabs-defending-israel\/"},"author":{"name":"David B. Goldberg, M.A.","@id":"https:\/\/hashivah.org\/#\/schema\/person\/2bddd9ada511fa73843ae58b5e797eaa"},"headline":"Araber som f\u00f6rsvarar Israel","datePublished":"2017-12-21T18:11:55+00:00","dateModified":"2020-06-03T11:43:32+00:00","mainEntityOfPage":{"@id":"https:\/\/hashivah.org\/da\/arabs-defending-israel\/"},"wordCount":1688,"image":{"@id":"https:\/\/hashivah.org\/da\/arabs-defending-israel\/#primaryimage"},"thumbnailUrl":"https:\/\/hashivah.org\/wp-content\/uploads\/2017\/12\/arabs-defending-israel-1.jpg","keywords":["Israel Support","Terror Attack in Abou Gosh","Yael Eckstein"],"articleSection":["Artiklar"],"inLanguage":"sv-SE"},{"@type":"WebPage","@id":"https:\/\/hashivah.org\/da\/arabs-defending-israel\/","url":"https:\/\/hashivah.org\/da\/arabs-defending-israel\/","name":"Araber som f\u00f6rsvarar Israel - Lema&#039;an Zion","isPartOf":{"@id":"https:\/\/hashivah.org\/#website"},"primaryImageOfPage":{"@id":"https:\/\/hashivah.org\/da\/arabs-defending-israel\/#primaryimage"},"image":{"@id":"https:\/\/hashivah.org\/da\/arabs-defending-israel\/#primaryimage"},"thumbnailUrl":"https:\/\/hashivah.org\/wp-content\/uploads\/2017\/12\/arabs-defending-israel-1.jpg","datePublished":"2017-12-21T18:11:55+00:00","dateModified":"2020-06-03T11:43:32+00:00","author":{"@id":"https:\/\/hashivah.org\/#\/schema\/person\/2bddd9ada511fa73843ae58b5e797eaa"},"breadcrumb":{"@id":"https:\/\/hashivah.org\/da\/arabs-defending-israel\/#breadcrumb"},"inLanguage":"sv-SE","potentialAction":[{"@type":"ReadAction","target":["https:\/\/hashivah.org\/da\/arabs-defending-israel\/"]}]},{"@type":"ImageObject","inLanguage":"sv-SE","@id":"https:\/\/hashivah.org\/da\/arabs-defending-israel\/#primaryimage","url":"https:\/\/hashivah.org\/wp-content\/uploads\/2017\/12\/arabs-defending-israel-1.jpg","contentUrl":"https:\/\/hashivah.org\/wp-content\/uploads\/2017\/12\/arabs-defending-israel-1.jpg","width":1500,"height":999},{"@type":"BreadcrumbList","@id":"https:\/\/hashivah.org\/da\/arabs-defending-israel\/#breadcrumb","itemListElement":[{"@type":"ListItem","position":1,"name":"Home","item":"https:\/\/hashivah.org\/"},{"@type":"ListItem","position":2,"name":"Araber som f\u00f6rsvarar Israel"}]},{"@type":"WebSite","@id":"https:\/\/hashivah.org\/#website","url":"https:\/\/hashivah.org\/","name":"Lema&#039;an Zion","description":"My WordPress Blog","potentialAction":[{"@type":"SearchAction","target":{"@type":"EntryPoint","urlTemplate":"https:\/\/hashivah.org\/?s={search_term_string}"},"query-input":{"@type":"PropertyValueSpecification","valueRequired":true,"valueName":"search_term_string"}}],"inLanguage":"sv-SE"},{"@type":"Person","@id":"https:\/\/hashivah.org\/#\/schema\/person\/2bddd9ada511fa73843ae58b5e797eaa","name":"David B. Goldberg, M.A.","image":{"@type":"ImageObject","inLanguage":"sv-SE","@id":"https:\/\/hashivah.org\/wp-content\/uploads\/2021\/11\/unnamed-150x150.png","url":"https:\/\/hashivah.org\/wp-content\/uploads\/2021\/11\/unnamed-150x150.png","contentUrl":"https:\/\/hashivah.org\/wp-content\/uploads\/2021\/11\/unnamed-150x150.png","caption":"David B. Goldberg, M.A."},"url":"https:\/\/hashivah.org\/sv\/author\/dave\/"}]}},"jetpack_featured_media_url":"https:\/\/hashivah.org\/wp-content\/uploads\/2017\/12\/arabs-defending-israel-1.jpg","wps_subtitle":"","_links":{"self":[{"href":"https:\/\/hashivah.org\/sv\/wp-json\/wp\/v2\/posts\/1863","targetHints":{"allow":["GET"]}}],"collection":[{"href":"https:\/\/hashivah.org\/sv\/wp-json\/wp\/v2\/posts"}],"about":[{"href":"https:\/\/hashivah.org\/sv\/wp-json\/wp\/v2\/types\/post"}],"author":[{"embeddable":true,"href":"https:\/\/hashivah.org\/sv\/wp-json\/wp\/v2\/users\/7"}],"replies":[{"embeddable":true,"href":"https:\/\/hashivah.org\/sv\/wp-json\/wp\/v2\/comments?post=1863"}],"version-history":[{"count":1,"href":"https:\/\/hashivah.org\/sv\/wp-json\/wp\/v2\/posts\/1863\/revisions"}],"predecessor-version":[{"id":3275,"href":"https:\/\/hashivah.org\/sv\/wp-json\/wp\/v2\/posts\/1863\/revisions\/3275"}],"wp:featuredmedia":[{"embeddable":true,"href":"https:\/\/hashivah.org\/sv\/wp-json\/wp\/v2\/media\/1864"}],"wp:attachment":[{"href":"https:\/\/hashivah.org\/sv\/wp-json\/wp\/v2\/media?parent=1863"}],"wp:term":[{"taxonomy":"category","embeddable":true,"href":"https:\/\/hashivah.org\/sv\/wp-json\/wp\/v2\/categories?post=1863"},{"taxonomy":"post_tag","embeddable":true,"href":"https:\/\/hashivah.org\/sv\/wp-json\/wp\/v2\/tags?post=1863"}],"curies":[{"name":"wp","href":"https:\/\/api.w.org\/{rel}","templated":true}]}}