{"id":1600,"date":"2017-05-22T21:16:48","date_gmt":"2017-05-22T18:16:48","guid":{"rendered":"http:\/\/hashivah.org\/?p=1600"},"modified":"2020-06-03T11:43:29","modified_gmt":"2020-06-03T11:43:29","slug":"an-arab-christian-diplomat-and-attorney-speaks-about-arabs-jews-and-peace","status":"publish","type":"post","link":"https:\/\/hashivah.org\/sv\/an-arab-christian-diplomat-and-attorney-speaks-about-arabs-jews-and-peace\/","title":{"rendered":"En kristen arabisk diplomat och jurist talar om araber, judar och fred"},"content":{"rendered":"<p><\/p>\n<p style=\"text-align: center;\"><a href=\"https:\/\/hashivah.org\/wp-content\/uploads\/2017\/05\/fl-jjdc-deek-0928-20160927-2.jpg\"><img loading=\"lazy\" decoding=\"async\" class=\"aligncenter size-full wp-image-1603\" src=\"https:\/\/hashivah.org\/wp-content\/uploads\/2017\/05\/fl-jjdc-deek-0928-20160927-2.jpg\" alt=\"\" width=\"2048\" height=\"945\" \/><\/a>George Deek<\/p>\n<hr \/>\n<blockquote class=\"td_quote_box td_box_center\">\n<p style=\"text-align: right;\"><b><i>Vid ett evenemang anordnat av <\/i>Med Israel for Fred<i> den 27 december 2014 i Litteraturhuset i Oslo<\/i> h\u00f6lls ett engagerande tal av George <i>Deek, kristen arab verksam som <\/i>charg\u00e9 d\u2019affaires <i>vid Israels ambassad i Norge. Texten har f\u00f6rkortats av utrymmessk\u00e4l.\u00a0<\/i><\/b><\/p>\n<p style=\"text-align: right;\"><b><i>\u2013 Red.<\/i><\/b><\/p>\n<\/blockquote>\n<p><span class=\"dropcap dropcap3\">N<\/span>\u00e4r jag vandrar l\u00e4ngs gatorna i min hemstad Jaffa, ber\u00e4ttar den gamla stadsdelens gr\u00e4nder, husen i bostadsomr\u00e5det Ajami och fisken\u00e4ten vid hamnen om det \u00e5r som f\u00f6r all framtid f\u00f6r\u00e4ndrade denna min stad: 1948.<\/p>\n<p>En av dessa ber\u00e4ttelser handlar om en av de \u00e4ldsta familjerna i denna urgamla stad: Deek, min egen familj. F\u00f6re 1948 arbetade min farfar George, efter vilken jag fick mitt namn, som elektriker vid <i>Rotenberg Electricity Company<\/i>. Och eftersom Jaffa hade en blandad befolkning, hade han naturligtvis en del judiska v\u00e4nner. Faktum \u00e4r att hans v\u00e4nner vid elbolaget t.o.m. l\u00e4rde honom jiddisch; han blev allts\u00e5 en av de f\u00f6rsta araber som talade detta spr\u00e5k.<\/p>\n<p>1947 f\u00f6rlovade han sig med Vera, min farmor, och de gjorde upp gemensamma planer f\u00f6r att bilda familj i den stad d\u00e4r v\u00e5r sl\u00e4kt levt i c:a 400 \u00e5r.<\/p>\n<p>Men ett par m\u00e5nader senare f\u00f6r\u00e4ndrades dessa planer bokstavligt talat \u00f6ver en natt.<\/p>\n<p>N\u00e4r FN bejakade uppr\u00e4ttandet av Israel och staten Israel d\u00e4refter utropades, varnade arabledarna de arabiska inv\u00e5narna att judarna hade f\u00f6r avsikt att d\u00f6da dem ifall de stannade kvar. De sade till alla: \u201dL\u00e4mna era hem och fly.\u201d De p\u00e5stod sig beh\u00f6va endast ett f\u00e5tal dagar, d\u00e5 de med hj\u00e4lp av fem arm\u00e9er lovade f\u00f6rinta det nyf\u00f6dda Israel. Min familj, skr\u00e4ckslagen inf\u00f6r vad som skulle kunna h\u00e4nda, beslutade i likhet med de flesta andra att fly.<\/p>\n<p>En pr\u00e4st kallades i all hast till Deek-familjens hem f\u00f6r att viga George och Vera. Min farmor hann inte ens skaffa sig en riktig kl\u00e4nning. Strax efter deras abrupta br\u00f6llop inledde hela familjen sin flykt norrut mot Libanon.<\/p>\n<p>Men n\u00e4r kriget var \u00f6ver hade araberna misslyckats med att f\u00f6rinta Israel. Min familj befann sig p\u00e5 andra sidan gr\u00e4nsen och det tycktes som om br\u00f6dernas och systrarnas \u00f6de var att skingras \u00f6ver hela v\u00e4rlden. Idag har jag sl\u00e4ktingar i bl.a. Jordanien, Syrien, Libanon, Dubai, Storbritannien, Kanada, U.S.A. och Australien. Min egen sl\u00e4kthistoria \u00e4r bara en, och troligtvis inte den v\u00e4rsta, av m\u00e5nga tragiska ber\u00e4ttelser fr\u00e5n \u00e5r 1948.<\/p>\n<p>Enligt FN f\u00f6rvandlades 711.000 palestinier till flyktingar. Samtidigt trakasserades, p.g.a. Israels grundande, 800.000 <i>judar <\/i>s\u00e5 sv\u00e5rt att de tvingades l\u00e4mna arabv\u00e4rlden, varvid huvuddelen [av dess l\u00e4nder] t\u00f6mdes p\u00e5 judar.<\/p>\n<p><a href=\"https:\/\/hashivah.org\/wp-content\/uploads\/2017\/05\/GettyImages-56465038.0-scaled-2.jpg\"><img loading=\"lazy\" decoding=\"async\" class=\"aligncenter size-full wp-image-1605\" src=\"https:\/\/hashivah.org\/wp-content\/uploads\/2017\/05\/GettyImages-56465038.0-scaled-2.jpg\" alt=\"\" width=\"5987\" height=\"3963\" \/><\/a>Men denna konflikt var inte den enda under 18-1900-talen som medf\u00f6rde f\u00f6rdrivning och tv\u00e5ngsf\u00f6rflyttning.<\/p>\n<ul>\n<li>Mellan 1821 och 1922 utvisades 5 miljoner muslimer fr\u00e5n Europa, framf\u00f6rallt till Turkiet.<\/li>\n<li>P\u00e5 1990-talet uppl\u00f6stes Jugoslavien, med 100.000 d\u00f6dsoffer och 3 miljoner flyktingar som f\u00f6ljd.<\/li>\n<li>Mellan 1919 och 1949 och under Wis\u0142a [Vistula]-konflikten Polen-Ukraina d\u00f6dades 150.000 och tv\u00e5ngsf\u00f6rflyttades 1,5 miljon m\u00e4nniskor.<\/li>\n<li>Som en f\u00f6ljd av Andra v\u00e4rldskriget och Potsdam-avtalet tv\u00e5ngsf\u00f6rflyttades mellan 12 och 17 miljoner tyskar.<\/li>\n<li>N\u00e4r Indien och Pakistan uppr\u00e4ttades, f\u00f6rflyttades c:a 15 miljoner m\u00e4nniskor.<\/li>\n<\/ul>\n<p>Detta h\u00e4nde \u00e4ven i Mellan\u00f6stern. N\u00e5gra exempel:<\/p>\n<ul>\n<li>De ottomanska turkarna gjorde 1,1 miljoner kurder till flyktingar.<\/li>\n<li>2,2 miljoner kristna utvisades ur Irak.<\/li>\n<li>Medan vi befinner oss h\u00e4r idag, d\u00f6das och utvisas varje m\u00e5nad c:a 1.000 yazidier, bahaier, kurder, kristna och \u00e4ven muslimer som ett resultat av muslimsk radikalisering.<\/li>\n<\/ul>\n<p>Utsikten till att n\u00e5gon av dessa grupper kan \u00e5terv\u00e4nda till sina hem \u00e4r i princip obefintlig.<\/p>\n<p>S\u00e5 vad beror det p\u00e5 att minnet av serbernas, de europeiska muslimernas, de polska flyktingarnas eller de irakiska kristnas tragedier inte hedras? Hur kan det komma sig att judarnas f\u00f6rdrivning fr\u00e5n arabv\u00e4rlden totalt gl\u00f6mdes bort, medan palestiniernas tragedi (den s.k. <i>Nakba<\/i>) \u00e4n idag pr\u00e4glar den politiska verkligheten?<\/p>\n<p>Enligt min uppfattning beror det p\u00e5 att Nakba har muterat fr\u00e5n en humanit\u00e4r katastrof till en politisk anfallsplan. H\u00f6gtidligh\u00e5llandet av Nakba handlar inte l\u00e4ngre om att minnas vad som en g\u00e5ng h\u00e4nde, utan om f\u00f6rbittring \u00f6ver staten Israels existens.<\/p>\n<p>Detta m\u00e4rks allra tydligast i valet av minnesdatum: Nakba-dagen f\u00f6rlades till den 15 maj, dagen efter Israels sj\u00e4lvst\u00e4ndighetsf\u00f6rklaring. H\u00e4rigenom proklamerade det palestinska ledarskapet att Nakba-katastrofen inte utgjordes av f\u00f6rdrivningen, de \u00f6vergivna byarna eller landsflykten. Nakba var i deras \u00f6gon Israels uppr\u00e4ttande. Man s\u00f6rjer mindre \u00f6ver den humanit\u00e4ra katastrof som drabbade palestinierna \u00e4n \u00f6ver den judiska statens \u00e5teruppst\u00e5ndelse. Med andra ord: Man s\u00f6rjer inte det faktum att mina kusiner \u00e4r jordanier. Man s\u00f6rjer det faktum att jag \u00e4r israel.<\/p>\n<p>H\u00e4rigenom har palestinierna blivit det f\u00f6rflutnas slavar, fj\u00e4ttrade av f\u00f6rbittringens bojor, f\u00e5ngar i en v\u00e4rld av frustration och hat.<\/p>\n<p>Men, mina v\u00e4nner:<\/p>\n<p><b>F\u00f6r att kunna reparera det f\u00f6rflutna m\u00e5ste man f\u00f6rst f\u00f6rs\u00e4kra sig om en trygg framtid.<\/b><\/p>\n<p>Detta \u00e4r n\u00e5gonting jag l\u00e4rde mig av min musikl\u00e4rare Avraham Nov. N\u00e4r jag var 7 \u00e5r gammal ansl\u00f6t jag mig till musikk\u00e5ren i Jaffas arabisk-kristna samh\u00e4lle. Och d\u00e4r m\u00f6tte jag Avraham, som l\u00e4rde mig spela fl\u00f6jt och klarinett.<\/p>\n<p><a href=\"https:\/\/hashivah.org\/wp-content\/uploads\/2017\/05\/Krakow_Ghetto_06694-2.jpg\"><img loading=\"lazy\" decoding=\"async\" class=\"aligncenter size-full wp-image-1606\" src=\"https:\/\/hashivah.org\/wp-content\/uploads\/2017\/05\/Krakow_Ghetto_06694-2.jpg\" alt=\"\" width=\"1376\" height=\"845\" \/><\/a>Avraham \u00e4r \u00f6verlevande fr\u00e5n F\u00f6rintelsen. Hela hans familj m\u00f6rdades av nazisterna. Sj\u00e4lv \u00f6verlevde han tack vare att en naziofficer uppt\u00e4ckte hans talanger p\u00e5 munspel och bj\u00f6d hem honom under kriget f\u00f6r att underh\u00e5lla husets g\u00e4ster.<\/p>\n<p>N\u00e4r kriget var slut, skulle han mycket v\u00e4l ha kunnat n\u00f6ja sig med att begr\u00e5ta historiens v\u00e4rsta exempel p\u00e5 m\u00e4nniskors brott mot m\u00e4nskligheten och det faktum att han var ensam. Men han valde livet, inte d\u00f6den \u2013 hopp ist\u00e4llet f\u00f6r f\u00f6rtvivlan.<\/p>\n<p>Avraham kom till Israel, gifte sig, bildade familj och b\u00f6rjade undervisa i det som r\u00e4ddat hans liv: musik. Han blev l\u00e4rare f\u00f6r tusentals barn \u00f6ver hela landet. Och n\u00e4r han m\u00e4rkte det sp\u00e4nda f\u00f6rh\u00e5llandet mellan araber och judar, beslutade sig denne \u00f6verlevande fr\u00e5n F\u00f6rintelsen f\u00f6r att till hundratals arabiska barn som jag l\u00e4ra ut hopp via musik.<\/p>\n<p>\u00d6verlevande fr\u00e5n F\u00f6rintelsen \u00e4r, i likhet med Avraham, de mest fantastiska m\u00e4n-niskor som finns. Under alla de 15 \u00e5r jag som elev k\u00e4nde Avraham talade han bara en enda g\u00e5ng om sitt f\u00f6rflutna, en g\u00e5ng d\u00e5 jag kr\u00e4vde att f\u00e5 veta. M\u00e5nga \u00f6verlevande ber\u00e4ttade aldrig om de \u00e5ren, om F\u00f6rintelsen, inte ens inom den egna familjen, t.o.m. under \u00e5rtionden.<\/p>\n<p>F\u00f6rst n\u00e4r de hade f\u00f6rs\u00e4krat sig om en trygg framtid, till\u00e4t de sig blicka tillbaka mot det f\u00f6rflutna. De byggde upp denna framtid i sitt nygamla hem, staten Israel. Och i skuggan av sin st\u00f6rsta tragedi skapade judarna ett land som \u00e4r v\u00e4rldsledande inom medicin, jordbruk och teknologi.<\/p>\n<p>Varf\u00f6r? D\u00e4rf\u00f6r att de riktade blicken fram\u00e5t. Mina v\u00e4nner: Detta \u00e4r en l\u00e4rdom f\u00f6r vartenda folk som \u00f6nskar f\u00e5 bukt med en tragedi \u2013 inklusive palestinierna.<\/p>\n<p><b>Och det f\u00f6rsta steget i denna riktning \u00e4r, utan minsta tvivel, att s\u00e4tta stopp f\u00f6r den skamliga behandlingen av de palestinska flyktingarna.<\/b><\/p>\n<p>I arabv\u00e4rlden har dessa flyktingar, plus deras barn, barnbarn och t.o.m. barnbarnsbarn, \u00e4n idag inte integrerats; de m\u00f6ter aggressiv diskriminering och f\u00f6rmenas i de allra flesta fall medborgarskap och grundl\u00e4ggande m\u00e4nskliga r\u00e4ttigheter.<\/p>\n<p>Hur kan det komma sig att mina sl\u00e4ktingar i Kanada \u00e4r kanadensiska medborgare, medan mina sl\u00e4ktingar i Syrien, Libanon eller l\u00e4nderna vid Persiska viken \u2013 som \u00e4r f\u00f6dda d\u00e4r och inte vet av n\u00e5got annat hem \u2013 fortfarande betraktas som [statsl\u00f6sa] flyktingar? Utan tvivel \u00e4r arabstaternas behandling av palestinierna det v\u00e4rsta f\u00f6rtryck dessa uts\u00e4tts f\u00f6r \u00f6verhuvudtaget.<\/p>\n<p>Och medbrottslingarna i denna kriminella verksamhet \u00e4r inga andra \u00e4n det internationella samfundet och FN. Ist\u00e4llet f\u00f6r att utf\u00f6ra sin uppgift och hj\u00e4lpa palestinierna att bygga sina liv, ger det internationella samfundet n\u00e4ring \u00e5t offermentaliteten.<\/p>\n<p>Medan det finns <i>ett<\/i> FN-organ ansvarigt f\u00f6r alla v\u00e4rldens flyktingar, UNHCR, etablerades ett separat organ f\u00f6r att handha <i>endast <\/i>de palestinska: UNRWA. Detta \u00e4r ingen tillf\u00e4llighet. UNHCR:s m\u00e5l \u00e4r att hj\u00e4lpa flyktingar att f\u00e5 nytt hem och framtid samt avsluta flyktingtillvaron. Men UNRWA:s m\u00e5l \u00e4r det diametralt motsatta: att h\u00e5lla dem kvar i deras flyktingstatus och hindra dem fr\u00e5n att b\u00f6rja ett nytt liv.<\/p>\n<p>Det internationella samfundet kan inte p\u00e5 allvar f\u00f6rv\u00e4nta sig n\u00e5gon l\u00f6sning av flyktingproblematiken n\u00e4r man i samarbete med arabv\u00e4rlden betraktar flyktingarna som brickor i ett politiskt spel som f\u00f6rmenar dem deras grundl\u00e4ggande r\u00e4ttigheter.<\/p>\n<p>Varhelst de palestinska flyktingarna tillf\u00f6rs\u00e4krats lika r\u00e4ttigheter, har de varit framg\u00e5ngsrika och bidragit till samh\u00e4llet: i Sydamerika, U.S.A. och t.o.m. i Israel. Faktum \u00e4r att Israel var ett av de f\u00f6rsta l\u00e4nder som automatiskt gav fullt medborgarskap och j\u00e4mlikhet \u00e5t alla palestinier [inom sina egna gr\u00e4nser] efter 1948.<\/p>\n<p>Och vi kan se resultaten:<\/p>\n<ul>\n<li>Israeliska araber \u00e4r v\u00e4rldens b\u00e4st utbildade araber med regionens h\u00f6gsta levnadsstandard.<\/li>\n<li>Araber tj\u00e4nstg\u00f6r som domare i H\u00f6gsta domstolen [i Israel].<\/li>\n<li>N\u00e5gra av Israels b\u00e4sta l\u00e4kare \u00e4r araber, verksamma p\u00e5 n\u00e4stintill varje sjukhus i landet.<\/li>\n<li>Det finns 13 arabiska [israeliska] parlamentsmedlemmar, vilka \u00e5tnjuter r\u00e4tten att kritisera regeringen \u2013 en r\u00e4tt de till fullo utnyttjar \u2013 i skydd av yttrandefriheten.<\/li>\n<li>Araber \u00e4r vinnare i popul\u00e4ra [israeliska] <i>reality<\/i>-shower i TV.<\/li>\n<li>Ni kan t.o.m. hitta arabiska [israeliska] diplomater; en av dessa st\u00e5r just nu framf\u00f6r er.<\/li>\n<\/ul>\n<p><a href=\"https:\/\/hashivah.org\/wp-content\/uploads\/2017\/05\/DSCN2229-2.jpg\"><img loading=\"lazy\" decoding=\"async\" class=\"aligncenter size-full wp-image-1609\" src=\"https:\/\/hashivah.org\/wp-content\/uploads\/2017\/05\/DSCN2229-2.jpg\" alt=\"\" width=\"1600\" height=\"1200\" \/><\/a>N\u00e4r jag idag vandrar l\u00e4ngs gatorna i Jaffa, ser jag de gamla byggnaderna och den gamla hamnen. Men jag ser ocks\u00e5 barn p\u00e5 v\u00e4g till skolan och ungdomar p\u00e5 v\u00e4g till universitetet. Jag ser blomstrande f\u00f6retag och levande kultur. Kort sagt: Vi har en framtid h\u00e4r i Israel.<\/p>\n<p>Vilket leder fram till min n\u00e4sta punkt:<\/p>\n<p><b>Det \u00e4r dags att s\u00e4tta stopp<\/b> f\u00f6r hatets och uppviglingens kultur, eftersom antisemitismen enligt min uppfattning utg\u00f6r ett lika stort hot mot muslimer och kristna som mot judar.<\/p>\n<p>Jag kom till Norge f\u00f6r drygt 2 \u00e5r sedan, och det blev f\u00f6rsta g\u00e5ngen som jag interagerade med judar som befolkningsminoritet. Jag \u00e4r van vid att se dem som majoriteten. Jag v\u00e4xte upp i en liknande milj\u00f6: den kristna arabiska samh\u00e4llsgruppen i Jaffa. Jag tillh\u00f6rde de ortodoxa kristna, som \u00e4r en del av den arabiska minoriteten i den judiska staten Israel i det muslimska Mellan\u00f6stern. Detta p\u00e5minner om de d\u00e4r ryska dockorna. Man \u00f6ppnar den st\u00f6rsta och finner en mindre inuti. Jag \u00e4r den allra minsta.<\/p>\n<p>Mina v\u00e4nner: Att tillh\u00f6ra en minoritet betyder att vara annorlunda. Och ingen nation har n\u00e5gonsin tvingats betala ett h\u00f6gre pris f\u00f6r sin minoritetsst\u00e4llning \u00e4n det judiska folket. Dess historia har bidragit med m\u00e5nga ord till det m\u00e4nskliga spr\u00e5kbruket, t.ex. f\u00f6rdrivning, tv\u00e5ngskonvertering, inkvisition, ghetto, pogrom, f\u00f6r att inte n\u00e4mna ordet F\u00f6rintelse. [F\u00f6rre brittiske \u00f6verrabbinen] Rabbi Lord Jonathan Sacks uttrycker det tydligt: Judarna fick lida \u00e5rhundradena igenom f\u00f6r att de var annorlunda, f\u00f6r att de var den mest markanta icke-kristna minoriteten i Europa (och idag den mest markanta icke-muslimska minoriteten i Mellan\u00f6stern).<\/p>\n<p>Och ett Europa (eller ett Mellan\u00f6stern) som inte har n\u00e5gon plats f\u00f6r judar, har ingen plats f\u00f6r humanitet.<\/p>\n<p>Gl\u00f6m inte: Antisemitismen m\u00e5 b\u00f6rja med judarna, men den slutar inte med dem. Judarna var inte de enda som tv\u00e5ngskonverterades under inkvisitionens tid. Och Hitler s\u00e5g till att bl.a. zigenare och homosexuella fick lida j\u00e4mte judarna.<\/p>\n<p>Och nu h\u00e4nder det igen, denna g\u00e5ng i Mellan\u00f6stern. Arabv\u00e4rlden tycks ha gl\u00f6mt bort att dess storhetstid under de senaste 1.400 \u00e5ren intr\u00e4ffade n\u00e4r man visade tolerans och \u00f6ppenhet gentemot dem som \u00e4r annorlunda.<\/p>\n<ul>\n<li>Den geniale matematikern Ibn Musa al-Khwarizmi var uzbek.<\/li>\n<li>Den store filosofen Rumi var perser.<\/li>\n<li>Den lysande ledaren Salah ad-Din [Saladin] var kurd.<\/li>\n<li>Grundaren av den arabiska nationalismen var Michel Aflaq \u2013 en kristen.<\/li>\n<li>Och den som f\u00f6rmedlade den islamiska \u00e5teruppt\u00e4ckten av Platon och Aristoteles till resten av v\u00e4rlden var Maimonides \u2013 en jude.<\/li>\n<\/ul>\n<p>Men ist\u00e4llet f\u00f6r att \u00e5teruppliva den framg\u00e5ngsrika toleranstaktiken, utbildas nu arabiska ungdomar till att hata judar och anv\u00e4nda antisemitisk retorik fr\u00e5n medeltidens Europa blandad med islamisk radikalism. Och \u00e4n en g\u00e5ng: Det som b\u00f6rjat som judefientlighet har blivit fientlighet gentemot var och en som \u00e4r annorlunda.<\/p>\n<p>F\u00f6r en vecka sedan flydde drygt 60.000 kurder fr\u00e5n Syrien mot Turkiet av r\u00e4dsla f\u00f6r att slaktas. Samma dag drunknade 15 palestinier fr\u00e5n Gaza i havet vid ett f\u00f6rs\u00f6k att r\u00e4dda sig undan <i>Hamas<\/i> klor. Bahaier och yazidier befinner sig i riskzonen.<\/p>\n<p>Till r\u00e5ga p\u00e5 allt utg\u00f6r den etniska utrensningen av Mellan\u00f6sterns kristna det 21:a \u00e5rhundradets v\u00e4rsta brott mot m\u00e4nskligheten. P\u00e5 bara tv\u00e5 decennier har mina kristna syskon reducerats fr\u00e5n 20% till dagens 4% av Mellan\u00f6sterns befolkning.<\/p>\n<p>Om vi \u00f6nskar uppn\u00e5 resultat n\u00e4r det g\u00e4ller att skydda v\u00e5r r\u00e4tt att vara annorlunda och om vi vill ha en framtid i regionen, \u00e4r jag \u00f6vertygad om att vi m\u00e5ste g\u00f6ra gemensam sak: judar, muslimer och kristna tillsammans. Vi m\u00e5ste k\u00e4mpa f\u00f6r alla kristnas r\u00e4tt att leva ut sin tro utan fruktan \u2013 med samma h\u00e4nf\u00f6relse som f\u00f6r judars r\u00e4tt att leva utan fruktan.<\/p>\n<p>Vi m\u00e5ste k\u00e4mpa mot islamofobi [f\u00f6rdomar mot muslimer], men det \u00e4r n\u00f6dv\u00e4ndigt att v\u00e5ra muslimska partners f\u00f6renar sig med oss i kampen mot kristofobi och judefobi. Ty den m\u00e4nsklighet vi tillh\u00f6r \u00e4r i fara.<\/p>\n<p>Arabv\u00e4rlden kan f\u00e5 bukt med uppfattningen [av palestinierna] som hj\u00e4lpl\u00f6sa offer, men man m\u00e5ste \u00f6ppna sig f\u00f6r sj\u00e4lvkritik och inse sitt eget ansvar:<\/p>\n<ul>\n<li>\u00c4n idag har inte en enda historiebok inom arabv\u00e4rlden ifr\u00e5gasatt det historiska misstaget att f\u00f6rkasta uppr\u00e4ttandet av den judiska staten.<\/li>\n<li>Inte en enda framst\u00e5ende arabisk akademiker har tr\u00e4tt fram och f\u00f6rklarat att ifall araberna accepterat tanken p\u00e5 en judisk stat, skulle det ha funnits tv\u00e5 stater, inget krigstillst\u00e5nd och inget flyktingproblem.<\/li>\n<li>Jag kan inte se n\u00e5got tecken p\u00e5 en ifr\u00e5gas\u00e4ttande debatt om det destruktiva ledarskap som ut\u00f6vades av den jerusalemitiske <i>muftin <\/i>Haj Amin al-Husseini eller det on\u00f6diga krig som Arabf\u00f6rbundet inledde 1948 eller n\u00e5got av de \u00f6vriga krigen mot Israel under alla \u00e5r fram till dags dato.<\/li>\n<li>Och jag kan idag inte m\u00e4rka n\u00e5gon som helst sj\u00e4lvkritik inom den palestinska befolkningens huvudf\u00e5ra n\u00e4r det g\u00e4ller anv\u00e4ndandet av terrorism, den andra <i>intifadan <\/i>eller avvisandet av [flera] israeliska erbjudanden sedan 1999 i syfte att avsluta konflikten.<\/li>\n<\/ul>\n<p>Endast araberna sj\u00e4lva kan f\u00f6r\u00e4ndra sin verklighet. Inte genom att s\u00e4tta sin tilltro till konspirationsteorier och beskyllningar mot utomst\u00e5ende krafter \u2013 Amerika, judarna, v\u00e4stv\u00e4rlden, etc. \u2013 f\u00f6r alla egna problem.<\/p>\n<p><b>Jag l\u00e4ste en mycket intressant artikel av Lord Sacks om br\u00f6drarivalitet i Bibeln.<\/b><\/p>\n<p>Det finns fyra s\u00e5dana ber\u00e4ttelser i F\u00f6rsta Mosebok: Kain och Abel, Isak och Ismael, Jakob och Esau och Josef och hans br\u00f6der. Alla ber\u00e4ttelser har olika slut:<\/p>\n<ul>\n<li>I fallet Kain och Abel ligger Abel d\u00f6d.<\/li>\n<li>I fallet Isak och Ismael st\u00e5r de tillsammans vid faderns grav.<\/li>\n<li>I fallet Jakob och Esau m\u00f6ts de b\u00e5da, omfamnar varandra och g\u00e5r d\u00e4refter skilda v\u00e4gar.<\/li>\n<li>Men fallet Josef slutar annorlunda.<\/li>\n<\/ul>\n<p>Josef var den 11:e av Jakobs 12 s\u00f6ner, Rakels f\u00f6rstf\u00f6dde. Vid ett tillf\u00e4lle s\u00e5lde br\u00f6derna p.g.a. avundsjuka Josef som slav. Han blev emellertid den efter Farao m\u00e4ktigaste mannen i Egypten. N\u00e4r missv\u00e4xt drabbade Kanaans land, kom Josefs br\u00f6der och far till Egypten. Och ist\u00e4llet f\u00f6r att bestraffa dem f\u00f6r vad de hade gjort honom, f\u00f6rl\u00e4t Josef sina br\u00f6der. Detta \u00e4r v\u00e4rldslitteraturens f\u00f6rsta exempel p\u00e5 f\u00f6rl\u00e5telse och f\u00f6rsoning.<\/p>\n<p>Josef f\u00f6rser sina br\u00f6der med allt vad de beh\u00f6ver. Det g\u00e5r dem v\u00e4l, de v\u00e4xer i antal och blir ett stort folk. Vid ber\u00e4ttelsens slut s\u00e4ger Josef till sina br\u00f6der: \u201dNi t\u00e4nkte ont mot mig, men Gud har t\u00e4nkt det till godo genom det som nu har skett, f\u00f6r att bevara m\u00e5nga m\u00e4nniskors liv.\u201d H\u00e4rigenom visade han p\u00e5 att v\u00e5rt handlande idag kan forma framtiden.<\/p>\n<p>Judar och palestinier \u00e4r kanske inte br\u00f6der i <i>tron<\/i>, men vi \u00e4r f\u00f6rvisso br\u00f6der n\u00e4r det g\u00e4ller v\u00e5rt<i> \u00f6de<\/i>. Och jag tror att vi, precis som i ber\u00e4ttelsen om Josef, genom att g\u00f6ra de r\u00e4tta valen och genom att fokusera p\u00e5 framtiden kan kompensera v\u00e5rt f\u00f6rflutna. G\u00e5rdagens fiender kan bli morgondagens v\u00e4nner. Det h\u00e4nde mellan Israel och Tyskland, mellan Israel och Egypten och mellan Israel och Jordanien.<\/p>\n<p><b>Jag har fortfarande inte ber\u00e4ttat resten av min familjs historia efter 1948.<\/b><\/p>\n<p>Efter en l\u00e5ng f\u00e4rd mot Libanon, huvudsakligen till fots, n\u00e5dde mina farf\u00f6r\u00e4ldrar George och Vera Libanon, d\u00e4r de stannade i m\u00e5nga m\u00e5nader. Under denna tid f\u00f6dde min farmor sin f\u00f6rstf\u00f6dde son, min farbror Sami. N\u00e4r kriget var \u00f6ver, ins\u00e5g de att man hade ljugit f\u00f6r dem. Araberna hade inte vunnit kriget s\u00e5som utlovat. Och judarna d\u00f6dade inte alla araber s\u00e5som man f\u00e5tt h\u00f6ra skulle ske.<\/p>\n<p>Min farfar s\u00e5g sig omkring och s\u00e5g bara en \u00e5terv\u00e4ndsgr\u00e4nd: ett liv som flyktingar. Han betraktade sin unga hustru, \u00e4nnu inte ens 18, och sin nyf\u00f6dde son, och ins\u00e5g att i en situation som fastnat i det f\u00f6rg\u00e5ngna utan n\u00e5gon m\u00f6jlighet att se fram\u00e5t fanns ingen framtid f\u00f6r hans familj. Medan hans syskon s\u00e5g en framtid i Libanon, andra arabl\u00e4nder och v\u00e4stv\u00e4rlden, k\u00e4nde han annorlunda.<\/p>\n<p>Han ville \u00e5terv\u00e4nda till Jaffa, sin hemstad. Eftersom han f\u00f6rut arbetat tillsammans med judar och hade v\u00e4nner bland dem, var han inte hj\u00e4rntv\u00e4ttad med hat.<\/p>\n<p>Min farfar gjorde vad f\u00e5 andra skulle v\u00e5gat g\u00f6ra: Han r\u00e4ckte ut handen mot dem som hans eget samh\u00e4lle betraktade som fiender. Han tog kontakt med en av sina gamla v\u00e4nner fr\u00e5n elbolaget och bad om dennes hj\u00e4lp.<\/p>\n<p>Och denne v\u00e4n, som jag h\u00f6rt min farfar ber\u00e4tta om, kunde hj\u00e4lpa honom att \u00e5terv\u00e4nda. Och som ett fantastiskt ynnestbevis hj\u00e4lpte han honom t.o.m. att f\u00e5 tillbaka sitt gamla jobb vid vad som nu blivit Israel Electric Company. Och d\u00e4rmed blev han en av de f\u00e5 araber som arbetade d\u00e4r.<\/p>\n<p>Idag finns bland mina syskon och kusiner revisorer, l\u00e4rare, f\u00f6rs\u00e4kringsagenter, h\u00f6gteknologiingenj\u00f6rer, diplomater, fabrikschefer, universitetsprofessorer, l\u00e4kare, advokater, investeringskonsulter, israeliska storf\u00f6retagsledare, arkitekter \u2013 och t.o.m. elektriker.<\/p>\n<p>Anledningen till att min familj fick ett framg\u00e5ngsrikt liv, anledningen till att jag idag st\u00e5r h\u00e4r som israelisk diplomat och inte som palestinsk flykting fr\u00e5n Libanon, \u00e4r att min farfar hade modet att fatta ett beslut som var ot\u00e4nkbart f\u00f6r de flesta andra. Ist\u00e4llet f\u00f6r att gr\u00e4va ner sig i misstr\u00f6stan, fann han ett hopp d\u00e4r ingen annan v\u00e5gade leta efter det. Han valde att leva bland dem som betraktades som hans fiender \u2013 och g\u00f6ra dem till sina v\u00e4nner. F\u00f6r allt detta st\u00e5r jag och min familj i o\u00e4ndlig tacksamhetsskuld till honom och min farmor.<\/p>\n<p>Ber\u00e4ttelsen om familjen Deek borde vara en inspirationsk\u00e4lla. Vi kan inte f\u00f6r\u00e4ndra det f\u00f6rflutna, men vi kan f\u00f6rs\u00e4kra oss om en framtid f\u00f6r v\u00e5ra kommande generationer.<\/p>\n<p>Tack.<\/p>\n<p style=\"text-align: right;\"><i>Utskrift: Conrad Myrland<\/i><\/p>\n<p><\/p>","protected":false},"excerpt":{"rendered":"<p>George Deek Vid ett evenemang anordnat av Med Israel for Fred den 27 december 2014 i Litteraturhuset i Oslo h\u00f6lls ett engagerande tal av George Deek, kristen arab verksam som charg\u00e9 d\u2019affaires vid Israels ambassad i Norge. Texten har f\u00f6rkortats av utrymmessk\u00e4l.\u00a0 \u2013 Red. N\u00e4r jag vandrar l\u00e4ngs gatorna i min hemstad Jaffa, ber\u00e4ttar den [&hellip;]<\/p>\n","protected":false},"author":15,"featured_media":1607,"comment_status":"closed","ping_status":"closed","sticky":false,"template":"","format":"standard","meta":{"_monsterinsights_skip_tracking":false,"_monsterinsights_sitenote_active":false,"_monsterinsights_sitenote_note":"","_monsterinsights_sitenote_category":0,"footnotes":""},"categories":[5,33],"tags":[34,6,21,11,15,16,12],"class_list":["post-1600","post","type-post","status-publish","format-standard","has-post-thumbnail","hentry","category-article","category-featured","tag-antisemitism","tag-featured","tag-israel","tag-israeli-arabs","tag-jews","tag-muslims","tag-palestinian-arabs"],"yoast_head":"<!-- This site is optimized with the Yoast SEO plugin v27.2 - https:\/\/yoast.com\/product\/yoast-seo-wordpress\/ -->\n<title>En kristen arabisk diplomat och jurist talar om araber, judar och fred - Lema&#039;an Zion<\/title>\n<meta name=\"robots\" content=\"index, follow, max-snippet:-1, max-image-preview:large, max-video-preview:-1\" \/>\n<link rel=\"canonical\" href=\"https:\/\/hashivah.org\/de\/an-arab-christian-diplomat-and-attorney-speaks-about-arabs-jews-and-peace\/\" \/>\n<meta property=\"og:locale\" content=\"sv_SE\" \/>\n<meta property=\"og:type\" content=\"article\" \/>\n<meta property=\"og:title\" content=\"En kristen arabisk diplomat och jurist talar om araber, judar och fred - Lema&#039;an Zion\" \/>\n<meta property=\"og:description\" content=\"George Deek Vid ett evenemang anordnat av Med Israel for Fred den 27 december 2014 i Litteraturhuset i Oslo h\u00f6lls ett engagerande tal av George Deek, kristen arab verksam som charg\u00e9 d\u2019affaires vid Israels ambassad i Norge. Texten har f\u00f6rkortats av utrymmessk\u00e4l.\u00a0 \u2013 Red. N\u00e4r jag vandrar l\u00e4ngs gatorna i min hemstad Jaffa, ber\u00e4ttar den [&hellip;]\" \/>\n<meta property=\"og:url\" content=\"https:\/\/hashivah.org\/de\/an-arab-christian-diplomat-and-attorney-speaks-about-arabs-jews-and-peace\/\" \/>\n<meta property=\"og:site_name\" content=\"Lema&#039;an Zion\" \/>\n<meta property=\"article:published_time\" content=\"2017-05-22T18:16:48+00:00\" \/>\n<meta property=\"article:modified_time\" content=\"2020-06-03T11:43:29+00:00\" \/>\n<meta property=\"og:image\" content=\"https:\/\/hashivah.org\/wp-content\/uploads\/2017\/05\/PikiWiki_Israel_36111_Jaffo_Port_at_twilight-1.jpg\" \/>\n\t<meta property=\"og:image:width\" content=\"1280\" \/>\n\t<meta property=\"og:image:height\" content=\"850\" \/>\n\t<meta property=\"og:image:type\" content=\"image\/jpeg\" \/>\n<meta name=\"author\" content=\"George Deek\" \/>\n<meta name=\"twitter:card\" content=\"summary_large_image\" \/>\n<meta name=\"twitter:label1\" content=\"Skriven av\" \/>\n\t<meta name=\"twitter:data1\" content=\"George Deek\" \/>\n\t<meta name=\"twitter:label2\" content=\"Ber\u00e4knad l\u00e4stid\" \/>\n\t<meta name=\"twitter:data2\" content=\"66 minuter\" \/>\n<script type=\"application\/ld+json\" class=\"yoast-schema-graph\">{\"@context\":\"https:\/\/schema.org\",\"@graph\":[{\"@type\":\"Article\",\"@id\":\"https:\/\/hashivah.org\/de\/an-arab-christian-diplomat-and-attorney-speaks-about-arabs-jews-and-peace\/#article\",\"isPartOf\":{\"@id\":\"https:\/\/hashivah.org\/de\/an-arab-christian-diplomat-and-attorney-speaks-about-arabs-jews-and-peace\/\"},\"author\":{\"name\":\"George Deek\",\"@id\":\"https:\/\/hashivah.org\/#\/schema\/person\/c4f76269719023943d634da0286d3f40\"},\"headline\":\"En kristen arabisk diplomat och jurist talar om araber, judar och fred\",\"datePublished\":\"2017-05-22T18:16:48+00:00\",\"dateModified\":\"2020-06-03T11:43:29+00:00\",\"mainEntityOfPage\":{\"@id\":\"https:\/\/hashivah.org\/de\/an-arab-christian-diplomat-and-attorney-speaks-about-arabs-jews-and-peace\/\"},\"wordCount\":13346,\"image\":{\"@id\":\"https:\/\/hashivah.org\/de\/an-arab-christian-diplomat-and-attorney-speaks-about-arabs-jews-and-peace\/#primaryimage\"},\"thumbnailUrl\":\"https:\/\/hashivah.org\/wp-content\/uploads\/2017\/05\/PikiWiki_Israel_36111_Jaffo_Port_at_twilight-1.jpg\",\"keywords\":[\"antisemitism\",\"featured\",\"Israel\",\"Israeli Arabs\",\"Jews\",\"Muslims\",\"Palestinian Arabs\"],\"articleSection\":[\"Artiklar\",\"Featured\"],\"inLanguage\":\"sv-SE\"},{\"@type\":\"WebPage\",\"@id\":\"https:\/\/hashivah.org\/de\/an-arab-christian-diplomat-and-attorney-speaks-about-arabs-jews-and-peace\/\",\"url\":\"https:\/\/hashivah.org\/de\/an-arab-christian-diplomat-and-attorney-speaks-about-arabs-jews-and-peace\/\",\"name\":\"En kristen arabisk diplomat och jurist talar om araber, judar och fred - Lema&#039;an Zion\",\"isPartOf\":{\"@id\":\"https:\/\/hashivah.org\/#website\"},\"primaryImageOfPage\":{\"@id\":\"https:\/\/hashivah.org\/de\/an-arab-christian-diplomat-and-attorney-speaks-about-arabs-jews-and-peace\/#primaryimage\"},\"image\":{\"@id\":\"https:\/\/hashivah.org\/de\/an-arab-christian-diplomat-and-attorney-speaks-about-arabs-jews-and-peace\/#primaryimage\"},\"thumbnailUrl\":\"https:\/\/hashivah.org\/wp-content\/uploads\/2017\/05\/PikiWiki_Israel_36111_Jaffo_Port_at_twilight-1.jpg\",\"datePublished\":\"2017-05-22T18:16:48+00:00\",\"dateModified\":\"2020-06-03T11:43:29+00:00\",\"author\":{\"@id\":\"https:\/\/hashivah.org\/#\/schema\/person\/c4f76269719023943d634da0286d3f40\"},\"breadcrumb\":{\"@id\":\"https:\/\/hashivah.org\/de\/an-arab-christian-diplomat-and-attorney-speaks-about-arabs-jews-and-peace\/#breadcrumb\"},\"inLanguage\":\"sv-SE\",\"potentialAction\":[{\"@type\":\"ReadAction\",\"target\":[\"https:\/\/hashivah.org\/de\/an-arab-christian-diplomat-and-attorney-speaks-about-arabs-jews-and-peace\/\"]}]},{\"@type\":\"ImageObject\",\"inLanguage\":\"sv-SE\",\"@id\":\"https:\/\/hashivah.org\/de\/an-arab-christian-diplomat-and-attorney-speaks-about-arabs-jews-and-peace\/#primaryimage\",\"url\":\"https:\/\/hashivah.org\/wp-content\/uploads\/2017\/05\/PikiWiki_Israel_36111_Jaffo_Port_at_twilight-1.jpg\",\"contentUrl\":\"https:\/\/hashivah.org\/wp-content\/uploads\/2017\/05\/PikiWiki_Israel_36111_Jaffo_Port_at_twilight-1.jpg\",\"width\":1280,\"height\":850},{\"@type\":\"BreadcrumbList\",\"@id\":\"https:\/\/hashivah.org\/de\/an-arab-christian-diplomat-and-attorney-speaks-about-arabs-jews-and-peace\/#breadcrumb\",\"itemListElement\":[{\"@type\":\"ListItem\",\"position\":1,\"name\":\"Home\",\"item\":\"https:\/\/hashivah.org\/\"},{\"@type\":\"ListItem\",\"position\":2,\"name\":\"Ein christlich-arabischer Diplomat und Anwalt spricht \u00fcber Araber, Juden und den Frieden\"}]},{\"@type\":\"WebSite\",\"@id\":\"https:\/\/hashivah.org\/#website\",\"url\":\"https:\/\/hashivah.org\/\",\"name\":\"Lema&#039;an Zion\",\"description\":\"My WordPress Blog\",\"potentialAction\":[{\"@type\":\"SearchAction\",\"target\":{\"@type\":\"EntryPoint\",\"urlTemplate\":\"https:\/\/hashivah.org\/?s={search_term_string}\"},\"query-input\":{\"@type\":\"PropertyValueSpecification\",\"valueRequired\":true,\"valueName\":\"search_term_string\"}}],\"inLanguage\":\"sv-SE\"},{\"@type\":\"Person\",\"@id\":\"https:\/\/hashivah.org\/#\/schema\/person\/c4f76269719023943d634da0286d3f40\",\"name\":\"George Deek\",\"image\":{\"@type\":\"ImageObject\",\"inLanguage\":\"sv-SE\",\"@id\":\"https:\/\/secure.gravatar.com\/avatar\/5fab829263c3b0d6d49e0730ad4655953f351048352f44c288607c414c57336f?s=96&d=mm&r=g\",\"url\":\"https:\/\/secure.gravatar.com\/avatar\/5fab829263c3b0d6d49e0730ad4655953f351048352f44c288607c414c57336f?s=96&d=mm&r=g\",\"contentUrl\":\"https:\/\/secure.gravatar.com\/avatar\/5fab829263c3b0d6d49e0730ad4655953f351048352f44c288607c414c57336f?s=96&d=mm&r=g\",\"caption\":\"George Deek\"},\"url\":\"https:\/\/hashivah.org\/sv\/author\/george-deek\/\"}]}<\/script>\n<!-- \/ Yoast SEO plugin. -->","yoast_head_json":{"title":"En kristen arabisk diplomat och jurist talar om araber, judar och fred - Lema&#039;an Zion","robots":{"index":"index","follow":"follow","max-snippet":"max-snippet:-1","max-image-preview":"max-image-preview:large","max-video-preview":"max-video-preview:-1"},"canonical":"https:\/\/hashivah.org\/de\/an-arab-christian-diplomat-and-attorney-speaks-about-arabs-jews-and-peace\/","og_locale":"sv_SE","og_type":"article","og_title":"En kristen arabisk diplomat och jurist talar om araber, judar och fred - Lema&#039;an Zion","og_description":"George Deek Vid ett evenemang anordnat av Med Israel for Fred den 27 december 2014 i Litteraturhuset i Oslo h\u00f6lls ett engagerande tal av George Deek, kristen arab verksam som charg\u00e9 d\u2019affaires vid Israels ambassad i Norge. Texten har f\u00f6rkortats av utrymmessk\u00e4l.\u00a0 \u2013 Red. N\u00e4r jag vandrar l\u00e4ngs gatorna i min hemstad Jaffa, ber\u00e4ttar den [&hellip;]","og_url":"https:\/\/hashivah.org\/de\/an-arab-christian-diplomat-and-attorney-speaks-about-arabs-jews-and-peace\/","og_site_name":"Lema&#039;an Zion","article_published_time":"2017-05-22T18:16:48+00:00","article_modified_time":"2020-06-03T11:43:29+00:00","og_image":[{"width":1280,"height":850,"url":"https:\/\/hashivah.org\/wp-content\/uploads\/2017\/05\/PikiWiki_Israel_36111_Jaffo_Port_at_twilight-1.jpg","type":"image\/jpeg"}],"author":"George Deek","twitter_card":"summary_large_image","twitter_misc":{"Skriven av":"George Deek","Ber\u00e4knad l\u00e4stid":"66 minuter"},"schema":{"@context":"https:\/\/schema.org","@graph":[{"@type":"Article","@id":"https:\/\/hashivah.org\/de\/an-arab-christian-diplomat-and-attorney-speaks-about-arabs-jews-and-peace\/#article","isPartOf":{"@id":"https:\/\/hashivah.org\/de\/an-arab-christian-diplomat-and-attorney-speaks-about-arabs-jews-and-peace\/"},"author":{"name":"George Deek","@id":"https:\/\/hashivah.org\/#\/schema\/person\/c4f76269719023943d634da0286d3f40"},"headline":"En kristen arabisk diplomat och jurist talar om araber, judar och fred","datePublished":"2017-05-22T18:16:48+00:00","dateModified":"2020-06-03T11:43:29+00:00","mainEntityOfPage":{"@id":"https:\/\/hashivah.org\/de\/an-arab-christian-diplomat-and-attorney-speaks-about-arabs-jews-and-peace\/"},"wordCount":13346,"image":{"@id":"https:\/\/hashivah.org\/de\/an-arab-christian-diplomat-and-attorney-speaks-about-arabs-jews-and-peace\/#primaryimage"},"thumbnailUrl":"https:\/\/hashivah.org\/wp-content\/uploads\/2017\/05\/PikiWiki_Israel_36111_Jaffo_Port_at_twilight-1.jpg","keywords":["antisemitism","featured","Israel","Israeli Arabs","Jews","Muslims","Palestinian Arabs"],"articleSection":["Artiklar","Featured"],"inLanguage":"sv-SE"},{"@type":"WebPage","@id":"https:\/\/hashivah.org\/de\/an-arab-christian-diplomat-and-attorney-speaks-about-arabs-jews-and-peace\/","url":"https:\/\/hashivah.org\/de\/an-arab-christian-diplomat-and-attorney-speaks-about-arabs-jews-and-peace\/","name":"En kristen arabisk diplomat och jurist talar om araber, judar och fred - Lema&#039;an Zion","isPartOf":{"@id":"https:\/\/hashivah.org\/#website"},"primaryImageOfPage":{"@id":"https:\/\/hashivah.org\/de\/an-arab-christian-diplomat-and-attorney-speaks-about-arabs-jews-and-peace\/#primaryimage"},"image":{"@id":"https:\/\/hashivah.org\/de\/an-arab-christian-diplomat-and-attorney-speaks-about-arabs-jews-and-peace\/#primaryimage"},"thumbnailUrl":"https:\/\/hashivah.org\/wp-content\/uploads\/2017\/05\/PikiWiki_Israel_36111_Jaffo_Port_at_twilight-1.jpg","datePublished":"2017-05-22T18:16:48+00:00","dateModified":"2020-06-03T11:43:29+00:00","author":{"@id":"https:\/\/hashivah.org\/#\/schema\/person\/c4f76269719023943d634da0286d3f40"},"breadcrumb":{"@id":"https:\/\/hashivah.org\/de\/an-arab-christian-diplomat-and-attorney-speaks-about-arabs-jews-and-peace\/#breadcrumb"},"inLanguage":"sv-SE","potentialAction":[{"@type":"ReadAction","target":["https:\/\/hashivah.org\/de\/an-arab-christian-diplomat-and-attorney-speaks-about-arabs-jews-and-peace\/"]}]},{"@type":"ImageObject","inLanguage":"sv-SE","@id":"https:\/\/hashivah.org\/de\/an-arab-christian-diplomat-and-attorney-speaks-about-arabs-jews-and-peace\/#primaryimage","url":"https:\/\/hashivah.org\/wp-content\/uploads\/2017\/05\/PikiWiki_Israel_36111_Jaffo_Port_at_twilight-1.jpg","contentUrl":"https:\/\/hashivah.org\/wp-content\/uploads\/2017\/05\/PikiWiki_Israel_36111_Jaffo_Port_at_twilight-1.jpg","width":1280,"height":850},{"@type":"BreadcrumbList","@id":"https:\/\/hashivah.org\/de\/an-arab-christian-diplomat-and-attorney-speaks-about-arabs-jews-and-peace\/#breadcrumb","itemListElement":[{"@type":"ListItem","position":1,"name":"Home","item":"https:\/\/hashivah.org\/"},{"@type":"ListItem","position":2,"name":"Ein christlich-arabischer Diplomat und Anwalt spricht \u00fcber Araber, Juden und den Frieden"}]},{"@type":"WebSite","@id":"https:\/\/hashivah.org\/#website","url":"https:\/\/hashivah.org\/","name":"Lema&#039;an Zion","description":"My WordPress Blog","potentialAction":[{"@type":"SearchAction","target":{"@type":"EntryPoint","urlTemplate":"https:\/\/hashivah.org\/?s={search_term_string}"},"query-input":{"@type":"PropertyValueSpecification","valueRequired":true,"valueName":"search_term_string"}}],"inLanguage":"sv-SE"},{"@type":"Person","@id":"https:\/\/hashivah.org\/#\/schema\/person\/c4f76269719023943d634da0286d3f40","name":"George Deek","image":{"@type":"ImageObject","inLanguage":"sv-SE","@id":"https:\/\/secure.gravatar.com\/avatar\/5fab829263c3b0d6d49e0730ad4655953f351048352f44c288607c414c57336f?s=96&d=mm&r=g","url":"https:\/\/secure.gravatar.com\/avatar\/5fab829263c3b0d6d49e0730ad4655953f351048352f44c288607c414c57336f?s=96&d=mm&r=g","contentUrl":"https:\/\/secure.gravatar.com\/avatar\/5fab829263c3b0d6d49e0730ad4655953f351048352f44c288607c414c57336f?s=96&d=mm&r=g","caption":"George Deek"},"url":"https:\/\/hashivah.org\/sv\/author\/george-deek\/"}]}},"jetpack_featured_media_url":"https:\/\/hashivah.org\/wp-content\/uploads\/2017\/05\/PikiWiki_Israel_36111_Jaffo_Port_at_twilight-1.jpg","wps_subtitle":"","_links":{"self":[{"href":"https:\/\/hashivah.org\/sv\/wp-json\/wp\/v2\/posts\/1600","targetHints":{"allow":["GET"]}}],"collection":[{"href":"https:\/\/hashivah.org\/sv\/wp-json\/wp\/v2\/posts"}],"about":[{"href":"https:\/\/hashivah.org\/sv\/wp-json\/wp\/v2\/types\/post"}],"author":[{"embeddable":true,"href":"https:\/\/hashivah.org\/sv\/wp-json\/wp\/v2\/users\/15"}],"replies":[{"embeddable":true,"href":"https:\/\/hashivah.org\/sv\/wp-json\/wp\/v2\/comments?post=1600"}],"version-history":[{"count":1,"href":"https:\/\/hashivah.org\/sv\/wp-json\/wp\/v2\/posts\/1600\/revisions"}],"predecessor-version":[{"id":3257,"href":"https:\/\/hashivah.org\/sv\/wp-json\/wp\/v2\/posts\/1600\/revisions\/3257"}],"wp:featuredmedia":[{"embeddable":true,"href":"https:\/\/hashivah.org\/sv\/wp-json\/wp\/v2\/media\/1607"}],"wp:attachment":[{"href":"https:\/\/hashivah.org\/sv\/wp-json\/wp\/v2\/media?parent=1600"}],"wp:term":[{"taxonomy":"category","embeddable":true,"href":"https:\/\/hashivah.org\/sv\/wp-json\/wp\/v2\/categories?post=1600"},{"taxonomy":"post_tag","embeddable":true,"href":"https:\/\/hashivah.org\/sv\/wp-json\/wp\/v2\/tags?post=1600"}],"curies":[{"name":"wp","href":"https:\/\/api.w.org\/{rel}","templated":true}]}}