{"id":1534,"date":"2017-02-24T14:20:01","date_gmt":"2017-02-24T12:20:01","guid":{"rendered":"http:\/\/hashivah.org\/?p=1534"},"modified":"2020-06-03T11:43:29","modified_gmt":"2020-06-03T11:43:29","slug":"why-only-focus-on-anti-semitism","status":"publish","type":"post","link":"https:\/\/hashivah.org\/sv\/why-only-focus-on-anti-semitism\/","title":{"rendered":"Varf\u00f6r bara fokusera p\u00e5 antisemitism?"},"content":{"rendered":"<p><\/p>\n<hr \/>\n<p style=\"text-align: center;\">Irwin Cotler<\/p>\n<hr \/>\n<blockquote class=\"td_quote_box td_box_center\">\n<p style=\"text-align: left;\">F\u00f6rfattaren var ledamot av det kanadensiska parlamentet 1999-2015, f.d. justitieminister och riks\u00e5klagare i Kanada och professor emeritus i juridik vid McGill University i Montreal. Han har undervisat p\u00e5 juridiska fakulteten vid s\u00e5v\u00e4l Harvard som Yale och mottagit 10 hedersdoktorat f\u00f6r sitt arbete inom internationell m\u00e4nniskor\u00e4tt. \u00c5r 2000 utn\u00e4mndes han till utrikesministerns specielle r\u00e5dgivare visavi den Internationella Brottsm\u00e5lsdomstolen. Hans ord \u00e4r idag mera relevanta \u00e4n n\u00e5gonsin.<\/p>\n<\/blockquote>\n<p><span class=\"dropcap dropcap3\" style=\"color: #800000;\">J<\/span>ag hade f\u00f6rm\u00e5nen att f\u00e5 delta i FN:s generalf\u00f6rsamlings allra f\u00f6rsta sammantr\u00e4de om global antisemitism. Vid denna historiska konferens h\u00e4nvisades ofta till andra former av hat och diskriminering.<\/p>\n<p>Vissa st\u00e4llde t.o.m. fr\u00e5gan: <b>\u201dVarf\u00f6r bara fokusera p\u00e5 antisemitism? Finns det inte andra former av hat, diskriminering och intolerans som i lika h\u00f6g grad motiverar ett studium?\u201d Naturligtvis \u00e4r det s\u00e5. Jag utf\u00e4rdade faktiskt som justitieminister och riks\u00e5klagare i Kanada ett nationellt r\u00e4ttsinitiativ f\u00f6r att bek\u00e4mpa rasism och hat, och den regering jag tillh\u00f6rde utf\u00e4rdade ocks\u00e5 en nationell handlingsplan mot rasism.<\/b><\/p>\n<div id=\"attachment_1536\" style=\"width: 1470px\" class=\"wp-caption aligncenter\"><a href=\"https:\/\/hashivah.org\/wp-content\/uploads\/2017\/02\/france_paris_antisemitism_080614-2.jpg\"><img loading=\"lazy\" decoding=\"async\" aria-describedby=\"caption-attachment-1536\" class=\"size-full wp-image-1536\" src=\"https:\/\/hashivah.org\/wp-content\/uploads\/2017\/02\/france_paris_antisemitism_080614-2.jpg\" alt=\"\" width=\"1460\" height=\"913\" \/><\/a><p id=\"caption-attachment-1536\" class=\"wp-caption-text\">AFP<\/p><\/div>\n<p>Det r\u00e5der inget tvivel om att hat och rasism m\u00e5ste bek\u00e4mpas i alla sina former och yttringar. Men det finns sex betydelsefulla synpunkter som motiverar specifik analys och kamp just n\u00e4r det g\u00e4ller antisemitism.<\/p>\n<p><span style=\"color: #800000;\"><b>F\u00f6r det f\u00f6rsta<\/b><\/span> \u00e4r antisemitismen inte bara den \u00e4ldsta och mest seglivade av alla former av hat; den har under historiens lopp antagit olika skepnader. Den \u00e4r dessutom ett extremistiskt hat som v\u00e5llat katastrofalt lidande f\u00f6r b\u00e5de judar och alla dem som utsatts f\u00f6r dess virus.<\/p>\n<p><span style=\"color: #800000;\"><b>F\u00f6r det andra<\/b><\/span> \u00e4r antisemitismen en form av rasism med global dimension. Den kan f\u00f6ljaktligen grassera t.o.m. i l\u00e4nder d\u00e4r det inte finns n\u00e5gra judar. Kort uttryckt g\u00f6rs ingen annan s\u00e5rbar minoritet till en global m\u00e5ltavla f\u00f6r ett rasistiskt virus som, enligt London-deklarationen om kamp mot antisemitism, inte bara sprider hat mot judar utan \u00e4ven mot Israel som folkens jude.<\/p>\n<p><span style=\"color: #800000;\"><b>F\u00f6r det tredje<\/b><\/span> karakteriseras den form av rasism som g\u00e5r under namnet antisemitism av utbredd och statssanktionerad, ja, t.o.m. statsregisserad, hets mot folkgrupp, inklusive uppmaning till folkmord. Judar \u00e4r det enda folk i v\u00e4rldssamfundet som utg\u00f6r permanent m\u00e5l f\u00f6r globala statliga sanktioner och uppmaningar till folkmord.<\/p>\n<p><span style=\"color: #800000;\"><b>F\u00f6r det fj\u00e4rde<\/b><\/span> rentv\u00e5s ingen annan typ av rasism med hj\u00e4lp av universella v\u00e4rderingar, FN:s auktoritet, internationell lagstiftning, m\u00e4nniskor\u00e4ttskulturen och kampen mot rasism.<\/p>\n<p>Denna egenskap hos antisemitismen framtr\u00e4dde bl.a. i FN:s resolution \u201dSionism \u00e4r en form av rasism\u201d, vilken enligt framlidne USA-senatorn Daniel Moynihan \u201d[gav] antisemitismens vederstygglighet den internationella legala sanktionens f\u00f6rkl\u00e4dnad\u201d. Det som g\u00f6r s\u00e5dan antisemitism s\u00e5 raffinerad och f\u00f6rs\u00e5tlig \u00e4r att den anv\u00e4nder sig av m\u00e4nniskor\u00e4ttsspr\u00e5k, f\u00f6rment internationell lagstiftning och FN:s auktoritet f\u00f6r att maskera hatet.<\/p>\n<p><span style=\"color: #800000;\"><b>F\u00f6r det femte<\/b><\/span> har vi sett en dramatisk \u00f6kning av antisemitiska attacker mot judar, judisk egendom och judiska institutioner.<\/p>\n<p>Denna hatets pandemi har 2014 uppvisat det st\u00f6rsta antalet antisemitiska handlingar sedan statistiken b\u00f6rjade f\u00f6ras, p.g.a. det stora antalet hatbrott gentemot judar i s\u00e5 skilda l\u00e4nder som Storbritannien, Frankrike, Belgien och Sverige. T.o.m. i USA och Kanada riktas en oproportionerlig andel av hatbrotten mot religi\u00f6sa minoriteter just mot judar.<\/p>\n<p><span style=\"color: #800000;\"><b>Slutligen<\/b><\/span> bevittnar vi en p\u00e5nyttf\u00f6delse av den klassiska antisemitismens alla \u00e4rekr\u00e4nkande beskyllningar, t.ex. <i>Sions Vises Protokoll<\/i>, det tsariska falsarium som utm\u00e5lar en internationell judisk sammansv\u00e4rjning syftande till v\u00e4rldsdominans och som i mer \u00e4n 100 \u00e5r utgjort historiens mest slagkraftiga, seglivade och ondskefulla f\u00f6rtal av folkgrupp. Idag \u00e4r denna od\u00f6dliga l\u00f6gn en st\u00f6ttepelare f\u00f6r sk\u00e4ndliga konspirationsteorier och provokationer riktade mot s\u00e5v\u00e4l judar som den \u201dinternationella sionistiska sammansv\u00e4rjningen\u201d i Israel.<\/p>\n<p>F\u00f6ljaktligen anklagas judar f\u00f6r att st\u00e5 bakom attackerna den 11 september. Judiska l\u00e4kare beskylls f\u00f6r att ha smittat ner palestinier med AIDS-virus. Judiska forskare beskylls f\u00f6r spridande av f\u00e5gelinfluensan. En judisk astronaut anklagas f\u00f6r att rymdf\u00e4rjan Columbia exploderade. Judar beskylls f\u00f6r publiceringen av de danska Mohammed-sk\u00e4mtteckningarna och f\u00f6r p\u00e5vens \u201dvanhelgande\u201d av islam. Judar anklagas f\u00f6r kriget i Irak och folkmordet i Darfur. Och samma \u00e4rekr\u00e4nkande arvegods har nu \u00f6verf\u00f6rts p\u00e5 Israel och den \u201dinternationella sionistiska sammansv\u00e4rjningen\u201d genom att den judiska staten belastas med beskyllningar f\u00f6r allt det onda som tidigare tillskrevs judarna.<\/p>\n<p>Vi bevittnar sannerligen en p\u00e5nyttf\u00f6delse av alla den klassiska antisemitismens \u00e4rekr\u00e4nkande p\u00e5st\u00e5enden: gudsmord, anv\u00e4ndning av icke-judiskt blod, ekonomisk dominans, f\u00f6rgiftning av brunnar, <i>Protokollen<\/i> och den skenheliga f\u00f6rnekelsen av F\u00f6rintelsen i kombination med anklagelser mot judarna som nazister, av vilka f\u00f6ljer den parallella anv\u00e4ndningen av dessa \u00e4rekr\u00e4nkningar mot s\u00e5v\u00e4l judar som den judiska staten.<\/p>\n<p><b><span style=\"color: #800000;\">Tiden \u00e4r mogen att inte bara ringa en varningssignal mot denna kritiska massa av hat, utan ocks\u00e5 att agera f\u00f6r att bek\u00e4mpa den. Historien har ju l\u00e4rt oss bara alltf\u00f6r tydligt: fast\u00e4n det m\u00e5 b\u00f6rja med judarna, s\u00e5 slutar det inte med judarna.<\/span>\u00a0<\/b><\/p>\n<p style=\"text-align: right;\"><i>Jerusalem Post<\/i>, 27 januari 2015<\/p>\n<p><\/p>","protected":false},"excerpt":{"rendered":"<p>Irwin Cotler F\u00f6rfattaren var ledamot av det kanadensiska parlamentet 1999-2015, f.d. justitieminister och riks\u00e5klagare i Kanada och professor emeritus i juridik vid McGill University i Montreal. Han har undervisat p\u00e5 juridiska fakulteten vid s\u00e5v\u00e4l Harvard som Yale och mottagit 10 hedersdoktorat f\u00f6r sitt arbete inom internationell m\u00e4nniskor\u00e4tt. \u00c5r 2000 utn\u00e4mndes han till utrikesministerns specielle r\u00e5dgivare [&hellip;]<\/p>\n","protected":false},"author":14,"featured_media":1538,"comment_status":"closed","ping_status":"closed","sticky":false,"template":"","format":"standard","meta":{"_monsterinsights_skip_tracking":false,"_monsterinsights_sitenote_active":false,"_monsterinsights_sitenote_note":"","_monsterinsights_sitenote_category":0,"footnotes":""},"categories":[5,33],"tags":[34,14,6,19,7,21,12],"class_list":["post-1534","post","type-post","status-publish","format-standard","has-post-thumbnail","hentry","category-article","category-featured","tag-antisemitism","tag-bible","tag-featured","tag-gaza-strip","tag-hashivah","tag-israel","tag-palestinian-arabs"],"yoast_head":"<!-- This site is optimized with the Yoast SEO plugin v27.2 - https:\/\/yoast.com\/product\/yoast-seo-wordpress\/ -->\n<title>Varf\u00f6r bara fokusera p\u00e5 antisemitism? - Lema&#039;an Zion<\/title>\n<meta name=\"robots\" content=\"index, follow, max-snippet:-1, max-image-preview:large, max-video-preview:-1\" \/>\n<link rel=\"canonical\" href=\"https:\/\/hashivah.org\/de\/why-only-focus-on-anti-semitism\/\" \/>\n<meta property=\"og:locale\" content=\"sv_SE\" \/>\n<meta property=\"og:type\" content=\"article\" \/>\n<meta property=\"og:title\" content=\"Varf\u00f6r bara fokusera p\u00e5 antisemitism? - Lema&#039;an Zion\" \/>\n<meta property=\"og:description\" content=\"Irwin Cotler F\u00f6rfattaren var ledamot av det kanadensiska parlamentet 1999-2015, f.d. justitieminister och riks\u00e5klagare i Kanada och professor emeritus i juridik vid McGill University i Montreal. Han har undervisat p\u00e5 juridiska fakulteten vid s\u00e5v\u00e4l Harvard som Yale och mottagit 10 hedersdoktorat f\u00f6r sitt arbete inom internationell m\u00e4nniskor\u00e4tt. \u00c5r 2000 utn\u00e4mndes han till utrikesministerns specielle r\u00e5dgivare [&hellip;]\" \/>\n<meta property=\"og:url\" content=\"https:\/\/hashivah.org\/de\/why-only-focus-on-anti-semitism\/\" \/>\n<meta property=\"og:site_name\" content=\"Lema&#039;an Zion\" \/>\n<meta property=\"article:published_time\" content=\"2017-02-24T12:20:01+00:00\" \/>\n<meta property=\"article:modified_time\" content=\"2020-06-03T11:43:29+00:00\" \/>\n<meta property=\"og:image\" content=\"https:\/\/hashivah.org\/wp-content\/uploads\/2017\/02\/Irwin_Cotler-scaled-1.jpg\" \/>\n\t<meta property=\"og:image:width\" content=\"2560\" \/>\n\t<meta property=\"og:image:height\" content=\"1921\" \/>\n\t<meta property=\"og:image:type\" content=\"image\/jpeg\" \/>\n<meta name=\"author\" content=\"Irwin Cotler\" \/>\n<meta name=\"twitter:card\" content=\"summary_large_image\" \/>\n<meta name=\"twitter:label1\" content=\"Skriven av\" \/>\n\t<meta name=\"twitter:data1\" content=\"Irwin Cotler\" \/>\n\t<meta name=\"twitter:label2\" content=\"Ber\u00e4knad l\u00e4stid\" \/>\n\t<meta name=\"twitter:data2\" content=\"18 minuter\" \/>\n<script type=\"application\/ld+json\" class=\"yoast-schema-graph\">{\"@context\":\"https:\/\/schema.org\",\"@graph\":[{\"@type\":\"Article\",\"@id\":\"https:\/\/hashivah.org\/de\/why-only-focus-on-anti-semitism\/#article\",\"isPartOf\":{\"@id\":\"https:\/\/hashivah.org\/de\/why-only-focus-on-anti-semitism\/\"},\"author\":{\"name\":\"Irwin Cotler\",\"@id\":\"https:\/\/hashivah.org\/#\/schema\/person\/f1bf55b51f86eedb860aed4dbe82964c\"},\"headline\":\"Varf\u00f6r bara fokusera p\u00e5 antisemitism?\",\"datePublished\":\"2017-02-24T12:20:01+00:00\",\"dateModified\":\"2020-06-03T11:43:29+00:00\",\"mainEntityOfPage\":{\"@id\":\"https:\/\/hashivah.org\/de\/why-only-focus-on-anti-semitism\/\"},\"wordCount\":3553,\"image\":{\"@id\":\"https:\/\/hashivah.org\/de\/why-only-focus-on-anti-semitism\/#primaryimage\"},\"thumbnailUrl\":\"https:\/\/hashivah.org\/wp-content\/uploads\/2017\/02\/Irwin_Cotler-scaled-1.jpg\",\"keywords\":[\"antisemitism\",\"Bible\",\"featured\",\"Gaza Strip\",\"Hashivah\",\"Israel\",\"Palestinian Arabs\"],\"articleSection\":[\"Artiklar\",\"Featured\"],\"inLanguage\":\"sv-SE\"},{\"@type\":\"WebPage\",\"@id\":\"https:\/\/hashivah.org\/de\/why-only-focus-on-anti-semitism\/\",\"url\":\"https:\/\/hashivah.org\/de\/why-only-focus-on-anti-semitism\/\",\"name\":\"Varf\u00f6r bara fokusera p\u00e5 antisemitism? - Lema&#039;an Zion\",\"isPartOf\":{\"@id\":\"https:\/\/hashivah.org\/#website\"},\"primaryImageOfPage\":{\"@id\":\"https:\/\/hashivah.org\/de\/why-only-focus-on-anti-semitism\/#primaryimage\"},\"image\":{\"@id\":\"https:\/\/hashivah.org\/de\/why-only-focus-on-anti-semitism\/#primaryimage\"},\"thumbnailUrl\":\"https:\/\/hashivah.org\/wp-content\/uploads\/2017\/02\/Irwin_Cotler-scaled-1.jpg\",\"datePublished\":\"2017-02-24T12:20:01+00:00\",\"dateModified\":\"2020-06-03T11:43:29+00:00\",\"author\":{\"@id\":\"https:\/\/hashivah.org\/#\/schema\/person\/f1bf55b51f86eedb860aed4dbe82964c\"},\"breadcrumb\":{\"@id\":\"https:\/\/hashivah.org\/de\/why-only-focus-on-anti-semitism\/#breadcrumb\"},\"inLanguage\":\"sv-SE\",\"potentialAction\":[{\"@type\":\"ReadAction\",\"target\":[\"https:\/\/hashivah.org\/de\/why-only-focus-on-anti-semitism\/\"]}]},{\"@type\":\"ImageObject\",\"inLanguage\":\"sv-SE\",\"@id\":\"https:\/\/hashivah.org\/de\/why-only-focus-on-anti-semitism\/#primaryimage\",\"url\":\"https:\/\/hashivah.org\/wp-content\/uploads\/2017\/02\/Irwin_Cotler-scaled-1.jpg\",\"contentUrl\":\"https:\/\/hashivah.org\/wp-content\/uploads\/2017\/02\/Irwin_Cotler-scaled-1.jpg\",\"width\":2560,\"height\":1921},{\"@type\":\"BreadcrumbList\",\"@id\":\"https:\/\/hashivah.org\/de\/why-only-focus-on-anti-semitism\/#breadcrumb\",\"itemListElement\":[{\"@type\":\"ListItem\",\"position\":1,\"name\":\"Home\",\"item\":\"https:\/\/hashivah.org\/\"},{\"@type\":\"ListItem\",\"position\":2,\"name\":\"Warum nur auf den Antisemitismus fokussieren?\"}]},{\"@type\":\"WebSite\",\"@id\":\"https:\/\/hashivah.org\/#website\",\"url\":\"https:\/\/hashivah.org\/\",\"name\":\"Lema&#039;an Zion\",\"description\":\"My WordPress Blog\",\"potentialAction\":[{\"@type\":\"SearchAction\",\"target\":{\"@type\":\"EntryPoint\",\"urlTemplate\":\"https:\/\/hashivah.org\/?s={search_term_string}\"},\"query-input\":{\"@type\":\"PropertyValueSpecification\",\"valueRequired\":true,\"valueName\":\"search_term_string\"}}],\"inLanguage\":\"sv-SE\"},{\"@type\":\"Person\",\"@id\":\"https:\/\/hashivah.org\/#\/schema\/person\/f1bf55b51f86eedb860aed4dbe82964c\",\"name\":\"Irwin Cotler\",\"image\":{\"@type\":\"ImageObject\",\"inLanguage\":\"sv-SE\",\"@id\":\"https:\/\/hashivah.org\/wp-content\/uploads\/2017\/02\/Irwin_Cotler-scaled-1-150x150.jpg\",\"url\":\"https:\/\/hashivah.org\/wp-content\/uploads\/2017\/02\/Irwin_Cotler-scaled-1-150x150.jpg\",\"contentUrl\":\"https:\/\/hashivah.org\/wp-content\/uploads\/2017\/02\/Irwin_Cotler-scaled-1-150x150.jpg\",\"caption\":\"Irwin Cotler\"},\"url\":\"https:\/\/hashivah.org\/sv\/author\/irwin\/\"}]}<\/script>\n<!-- \/ Yoast SEO plugin. -->","yoast_head_json":{"title":"Varf\u00f6r bara fokusera p\u00e5 antisemitism? - Lema&#039;an Zion","robots":{"index":"index","follow":"follow","max-snippet":"max-snippet:-1","max-image-preview":"max-image-preview:large","max-video-preview":"max-video-preview:-1"},"canonical":"https:\/\/hashivah.org\/de\/why-only-focus-on-anti-semitism\/","og_locale":"sv_SE","og_type":"article","og_title":"Varf\u00f6r bara fokusera p\u00e5 antisemitism? - Lema&#039;an Zion","og_description":"Irwin Cotler F\u00f6rfattaren var ledamot av det kanadensiska parlamentet 1999-2015, f.d. justitieminister och riks\u00e5klagare i Kanada och professor emeritus i juridik vid McGill University i Montreal. Han har undervisat p\u00e5 juridiska fakulteten vid s\u00e5v\u00e4l Harvard som Yale och mottagit 10 hedersdoktorat f\u00f6r sitt arbete inom internationell m\u00e4nniskor\u00e4tt. \u00c5r 2000 utn\u00e4mndes han till utrikesministerns specielle r\u00e5dgivare [&hellip;]","og_url":"https:\/\/hashivah.org\/de\/why-only-focus-on-anti-semitism\/","og_site_name":"Lema&#039;an Zion","article_published_time":"2017-02-24T12:20:01+00:00","article_modified_time":"2020-06-03T11:43:29+00:00","og_image":[{"width":2560,"height":1921,"url":"https:\/\/hashivah.org\/wp-content\/uploads\/2017\/02\/Irwin_Cotler-scaled-1.jpg","type":"image\/jpeg"}],"author":"Irwin Cotler","twitter_card":"summary_large_image","twitter_misc":{"Skriven av":"Irwin Cotler","Ber\u00e4knad l\u00e4stid":"18 minuter"},"schema":{"@context":"https:\/\/schema.org","@graph":[{"@type":"Article","@id":"https:\/\/hashivah.org\/de\/why-only-focus-on-anti-semitism\/#article","isPartOf":{"@id":"https:\/\/hashivah.org\/de\/why-only-focus-on-anti-semitism\/"},"author":{"name":"Irwin Cotler","@id":"https:\/\/hashivah.org\/#\/schema\/person\/f1bf55b51f86eedb860aed4dbe82964c"},"headline":"Varf\u00f6r bara fokusera p\u00e5 antisemitism?","datePublished":"2017-02-24T12:20:01+00:00","dateModified":"2020-06-03T11:43:29+00:00","mainEntityOfPage":{"@id":"https:\/\/hashivah.org\/de\/why-only-focus-on-anti-semitism\/"},"wordCount":3553,"image":{"@id":"https:\/\/hashivah.org\/de\/why-only-focus-on-anti-semitism\/#primaryimage"},"thumbnailUrl":"https:\/\/hashivah.org\/wp-content\/uploads\/2017\/02\/Irwin_Cotler-scaled-1.jpg","keywords":["antisemitism","Bible","featured","Gaza Strip","Hashivah","Israel","Palestinian Arabs"],"articleSection":["Artiklar","Featured"],"inLanguage":"sv-SE"},{"@type":"WebPage","@id":"https:\/\/hashivah.org\/de\/why-only-focus-on-anti-semitism\/","url":"https:\/\/hashivah.org\/de\/why-only-focus-on-anti-semitism\/","name":"Varf\u00f6r bara fokusera p\u00e5 antisemitism? - Lema&#039;an Zion","isPartOf":{"@id":"https:\/\/hashivah.org\/#website"},"primaryImageOfPage":{"@id":"https:\/\/hashivah.org\/de\/why-only-focus-on-anti-semitism\/#primaryimage"},"image":{"@id":"https:\/\/hashivah.org\/de\/why-only-focus-on-anti-semitism\/#primaryimage"},"thumbnailUrl":"https:\/\/hashivah.org\/wp-content\/uploads\/2017\/02\/Irwin_Cotler-scaled-1.jpg","datePublished":"2017-02-24T12:20:01+00:00","dateModified":"2020-06-03T11:43:29+00:00","author":{"@id":"https:\/\/hashivah.org\/#\/schema\/person\/f1bf55b51f86eedb860aed4dbe82964c"},"breadcrumb":{"@id":"https:\/\/hashivah.org\/de\/why-only-focus-on-anti-semitism\/#breadcrumb"},"inLanguage":"sv-SE","potentialAction":[{"@type":"ReadAction","target":["https:\/\/hashivah.org\/de\/why-only-focus-on-anti-semitism\/"]}]},{"@type":"ImageObject","inLanguage":"sv-SE","@id":"https:\/\/hashivah.org\/de\/why-only-focus-on-anti-semitism\/#primaryimage","url":"https:\/\/hashivah.org\/wp-content\/uploads\/2017\/02\/Irwin_Cotler-scaled-1.jpg","contentUrl":"https:\/\/hashivah.org\/wp-content\/uploads\/2017\/02\/Irwin_Cotler-scaled-1.jpg","width":2560,"height":1921},{"@type":"BreadcrumbList","@id":"https:\/\/hashivah.org\/de\/why-only-focus-on-anti-semitism\/#breadcrumb","itemListElement":[{"@type":"ListItem","position":1,"name":"Home","item":"https:\/\/hashivah.org\/"},{"@type":"ListItem","position":2,"name":"Warum nur auf den Antisemitismus fokussieren?"}]},{"@type":"WebSite","@id":"https:\/\/hashivah.org\/#website","url":"https:\/\/hashivah.org\/","name":"Lema&#039;an Zion","description":"My WordPress Blog","potentialAction":[{"@type":"SearchAction","target":{"@type":"EntryPoint","urlTemplate":"https:\/\/hashivah.org\/?s={search_term_string}"},"query-input":{"@type":"PropertyValueSpecification","valueRequired":true,"valueName":"search_term_string"}}],"inLanguage":"sv-SE"},{"@type":"Person","@id":"https:\/\/hashivah.org\/#\/schema\/person\/f1bf55b51f86eedb860aed4dbe82964c","name":"Irwin Cotler","image":{"@type":"ImageObject","inLanguage":"sv-SE","@id":"https:\/\/hashivah.org\/wp-content\/uploads\/2017\/02\/Irwin_Cotler-scaled-1-150x150.jpg","url":"https:\/\/hashivah.org\/wp-content\/uploads\/2017\/02\/Irwin_Cotler-scaled-1-150x150.jpg","contentUrl":"https:\/\/hashivah.org\/wp-content\/uploads\/2017\/02\/Irwin_Cotler-scaled-1-150x150.jpg","caption":"Irwin Cotler"},"url":"https:\/\/hashivah.org\/sv\/author\/irwin\/"}]}},"jetpack_featured_media_url":"https:\/\/hashivah.org\/wp-content\/uploads\/2017\/02\/Irwin_Cotler-scaled-1.jpg","wps_subtitle":"","_links":{"self":[{"href":"https:\/\/hashivah.org\/sv\/wp-json\/wp\/v2\/posts\/1534","targetHints":{"allow":["GET"]}}],"collection":[{"href":"https:\/\/hashivah.org\/sv\/wp-json\/wp\/v2\/posts"}],"about":[{"href":"https:\/\/hashivah.org\/sv\/wp-json\/wp\/v2\/types\/post"}],"author":[{"embeddable":true,"href":"https:\/\/hashivah.org\/sv\/wp-json\/wp\/v2\/users\/14"}],"replies":[{"embeddable":true,"href":"https:\/\/hashivah.org\/sv\/wp-json\/wp\/v2\/comments?post=1534"}],"version-history":[{"count":1,"href":"https:\/\/hashivah.org\/sv\/wp-json\/wp\/v2\/posts\/1534\/revisions"}],"predecessor-version":[{"id":3252,"href":"https:\/\/hashivah.org\/sv\/wp-json\/wp\/v2\/posts\/1534\/revisions\/3252"}],"wp:featuredmedia":[{"embeddable":true,"href":"https:\/\/hashivah.org\/sv\/wp-json\/wp\/v2\/media\/1538"}],"wp:attachment":[{"href":"https:\/\/hashivah.org\/sv\/wp-json\/wp\/v2\/media?parent=1534"}],"wp:term":[{"taxonomy":"category","embeddable":true,"href":"https:\/\/hashivah.org\/sv\/wp-json\/wp\/v2\/categories?post=1534"},{"taxonomy":"post_tag","embeddable":true,"href":"https:\/\/hashivah.org\/sv\/wp-json\/wp\/v2\/tags?post=1534"}],"curies":[{"name":"wp","href":"https:\/\/api.w.org\/{rel}","templated":true}]}}