{"id":1328,"date":"2016-06-08T22:46:34","date_gmt":"2016-06-08T19:46:34","guid":{"rendered":"http:\/\/hashivah.org\/?p=1328"},"modified":"2020-06-03T11:43:27","modified_gmt":"2020-06-03T11:43:27","slug":"iran-and-its-european-union-ally","status":"publish","type":"post","link":"https:\/\/hashivah.org\/sv\/iran-and-its-european-union-ally\/","title":{"rendered":"Iran och dess allierade EU"},"content":{"rendered":"<p><span class=\"dropcap dropcap3\">E<\/span>tt nytt och f\u00f6rb\u00e4ttrat Iran har under de senaste m\u00e5naderna v\u00e4lkomnats in i de civiliserade nationernas krets. Trots att Iran bara lovat att <i>f\u00f6rdr\u00f6ja <\/i>framst\u00e4llningen av k\u00e4rnvapen i cirka ett decennium, \u00e4r det f\u00f6rg\u00e5ngna f\u00f6rl\u00e5tet och handelsf\u00f6rbindelserna \u00e5terupptagna.<\/p>\n<div id=\"attachment_1329\" style=\"width: 310px\" class=\"wp-caption alignleft\"><a href=\"https:\/\/hashivah.org\/wp-content\/uploads\/2016\/06\/money_20160413_iran-italy_Ali_Khamenei_MatteoRenzi_reuters-1.jpg\"><img loading=\"lazy\" decoding=\"async\" aria-describedby=\"caption-attachment-1329\" class=\"size-medium wp-image-1329\" src=\"https:\/\/hashivah.org\/wp-content\/uploads\/2016\/06\/money_20160413_iran-italy_Ali_Khamenei_MatteoRenzi_reuters-1-300x206.jpg\" alt=\"Reuters\" width=\"300\" height=\"206\" srcset=\"https:\/\/hashivah.org\/wp-content\/uploads\/2016\/06\/money_20160413_iran-italy_Ali_Khamenei_MatteoRenzi_reuters-1-300x206.jpg 300w, https:\/\/hashivah.org\/wp-content\/uploads\/2016\/06\/money_20160413_iran-italy_Ali_Khamenei_MatteoRenzi_reuters-1-1024x705.jpg 1024w, https:\/\/hashivah.org\/wp-content\/uploads\/2016\/06\/money_20160413_iran-italy_Ali_Khamenei_MatteoRenzi_reuters-1-768x528.jpg 768w, https:\/\/hashivah.org\/wp-content\/uploads\/2016\/06\/money_20160413_iran-italy_Ali_Khamenei_MatteoRenzi_reuters-1-1536x1057.jpg 1536w, https:\/\/hashivah.org\/wp-content\/uploads\/2016\/06\/money_20160413_iran-italy_Ali_Khamenei_MatteoRenzi_reuters-1-335x230.jpg 335w, https:\/\/hashivah.org\/wp-content\/uploads\/2016\/06\/money_20160413_iran-italy_Ali_Khamenei_MatteoRenzi_reuters-1.jpg 2000w\" sizes=\"auto, (max-width: 300px) 100vw, 300px\" \/><\/a><p id=\"caption-attachment-1329\" class=\"wp-caption-text\">Reuters<\/p><\/div>\n<p>I januari bes\u00f6kte Irans president Hassan Rouhani med 120 f\u00f6ljeslagare Italien och undertecknade handelsavtal till ett v\u00e4rde av 18 miljarder USA-dollar. Den 27 januari var s\u00e4llskapet i Frankrike och skrev p\u00e5 \u00e4nnu fler avtal. Den dagen r\u00e5kade vara den internationella minnesdagen f\u00f6r F\u00f6rintelsen. Vilken ironi! Iran g\u00e5r i spetsen f\u00f6r en v\u00e4rldsvid f\u00f6rnekelse av F\u00f6rintelsen, agerar v\u00e4rd f\u00f6r \u00e5rliga f\u00f6rintelsef\u00f6rnekande karikatyrteckningst\u00e4vlingar och finansierar terror i syfte att utradera \u00e4rkefienden Israel. USA:s utrikesminister John Kerry erk\u00e4nde i januari att en del av de tillg\u00e5ngar p\u00e5 150 miljarder dollar som nu frisl\u00e4ppts \u00e5t Iran kommer att anv\u00e4ndas f\u00f6r terrorism (mot vem?). I strid mot det f\u00e4rska nukle\u00e4ravtalet testar Iran redan nu missiler som kan b\u00e4ra k\u00e4rnvapenladdningar (i vilket syfte?). Och, inte att f\u00f6rgl\u00f6mma, f\u00f6rra \u00e5ret avr\u00e4ttade det civiliserade Iran 1.087 d\u00f6dsd\u00f6mda medborgare. (Saudiarabien avr\u00e4ttade 157.)<\/p>\n<p>Irans nya handelpartner och allierade, EU, kr\u00e4ver att Israel m\u00e4rker produkter fr\u00e5n Jud\u00e9en och Samarien som <i>V\u00e4stbanks<\/i>-produkter, inte israeliska. V\u00e4rlden \u00f6ver p\u00e5g\u00e5r tv\u00e5hundra etniska konflikter, men bara en enda av dem kr\u00e4ver speciell etikettering. (Produkter m\u00e4rkta Katalonien? Tibet? Norra Cypern? Aldrig.)<\/p>\n<p>Frankrike kr\u00e4ver att Israel f\u00f6rhandlar om uppr\u00e4ttande av (ytterligare) en palestinsk stat<i> <\/i>(f\u00f6rutom Jordanien) \u2013 om inte, kommer man sj\u00e4lv att erk\u00e4nna staten Palestina. (Var det n\u00e5gon som t\u00e4nkte p\u00e5 ordet utpressning?)<\/p>\n<p>Sveriges utrikesminister Margot Wallstr\u00f6m \u00e4r uppr\u00f6rd \u00f6ver att man i Israel \u00f6ppnar eld mot terrorister f\u00f6r att hindra dem fr\u00e5n att d\u00f6da, men hon var f\u00f6runderligt tyst n\u00e4r fransk polis gjorde likadant under november m\u00e5nads terrorattacker.<\/p>\n<p>Det finns faktisk en obekv\u00e4m term f\u00f6r s\u00e5dan dubbelmoral gentemot judar: antisemitism.<\/p>","protected":false},"excerpt":{"rendered":"<p>Ett nytt och f\u00f6rb\u00e4ttrat Iran har under de senaste m\u00e5naderna v\u00e4lkomnats in i de civiliserade nationernas krets. Trots att Iran bara lovat att f\u00f6rdr\u00f6ja framst\u00e4llningen av k\u00e4rnvapen i cirka ett decennium, \u00e4r det f\u00f6rg\u00e5ngna f\u00f6rl\u00e5tet och handelsf\u00f6rbindelserna \u00e5terupptagna. I januari bes\u00f6kte Irans president Hassan Rouhani med 120 f\u00f6ljeslagare Italien och undertecknade handelsavtal till ett v\u00e4rde [&hellip;]<\/p>\n","protected":false},"author":7,"featured_media":1330,"comment_status":"closed","ping_status":"closed","sticky":false,"template":"","format":"standard","meta":{"_monsterinsights_skip_tracking":false,"_monsterinsights_sitenote_active":false,"_monsterinsights_sitenote_note":"","_monsterinsights_sitenote_category":0,"footnotes":""},"categories":[5],"tags":[34,28,37,6,7,31,8,16],"class_list":["post-1328","post","type-post","status-publish","format-standard","has-post-thumbnail","hentry","category-article","tag-antisemitism","tag-david-b-goldberg","tag-european-union","tag-featured","tag-hashivah","tag-iran","tag-lemaan-zion","tag-muslims"],"yoast_head":"<!-- This site is optimized with the Yoast SEO plugin v27.2 - https:\/\/yoast.com\/product\/yoast-seo-wordpress\/ -->\n<title>Iran och dess allierade EU - Lema&#039;an Zion<\/title>\n<meta name=\"robots\" content=\"index, follow, max-snippet:-1, max-image-preview:large, max-video-preview:-1\" \/>\n<link rel=\"canonical\" href=\"https:\/\/hashivah.org\/de\/iran-and-its-european-union-ally\/\" \/>\n<meta property=\"og:locale\" content=\"sv_SE\" \/>\n<meta property=\"og:type\" content=\"article\" \/>\n<meta property=\"og:title\" content=\"Iran och dess allierade EU - Lema&#039;an Zion\" \/>\n<meta property=\"og:description\" content=\"Ett nytt och f\u00f6rb\u00e4ttrat Iran har under de senaste m\u00e5naderna v\u00e4lkomnats in i de civiliserade nationernas krets. Trots att Iran bara lovat att f\u00f6rdr\u00f6ja framst\u00e4llningen av k\u00e4rnvapen i cirka ett decennium, \u00e4r det f\u00f6rg\u00e5ngna f\u00f6rl\u00e5tet och handelsf\u00f6rbindelserna \u00e5terupptagna. I januari bes\u00f6kte Irans president Hassan Rouhani med 120 f\u00f6ljeslagare Italien och undertecknade handelsavtal till ett v\u00e4rde [&hellip;]\" \/>\n<meta property=\"og:url\" content=\"https:\/\/hashivah.org\/de\/iran-and-its-european-union-ally\/\" \/>\n<meta property=\"og:site_name\" content=\"Lema&#039;an Zion\" \/>\n<meta property=\"article:published_time\" content=\"2016-06-08T19:46:34+00:00\" \/>\n<meta property=\"article:modified_time\" content=\"2020-06-03T11:43:27+00:00\" \/>\n<meta property=\"og:image\" content=\"https:\/\/hashivah.org\/wp-content\/uploads\/2016\/06\/o-IRAN-GERMAN-EU-facebook-1.jpg\" \/>\n\t<meta property=\"og:image:width\" content=\"2000\" \/>\n\t<meta property=\"og:image:height\" content=\"1000\" \/>\n\t<meta property=\"og:image:type\" content=\"image\/jpeg\" \/>\n<meta name=\"author\" content=\"David B. Goldberg, M.A.\" \/>\n<meta name=\"twitter:card\" content=\"summary_large_image\" \/>\n<meta name=\"twitter:label1\" content=\"Skriven av\" \/>\n\t<meta name=\"twitter:data1\" content=\"David B. Goldberg, M.A.\" \/>\n\t<meta name=\"twitter:label2\" content=\"Ber\u00e4knad l\u00e4stid\" \/>\n\t<meta name=\"twitter:data2\" content=\"7 minuter\" \/>\n<script type=\"application\/ld+json\" class=\"yoast-schema-graph\">{\"@context\":\"https:\/\/schema.org\",\"@graph\":[{\"@type\":\"Article\",\"@id\":\"https:\/\/hashivah.org\/de\/iran-and-its-european-union-ally\/#article\",\"isPartOf\":{\"@id\":\"https:\/\/hashivah.org\/de\/iran-and-its-european-union-ally\/\"},\"author\":{\"name\":\"David B. Goldberg, M.A.\",\"@id\":\"https:\/\/hashivah.org\/#\/schema\/person\/2bddd9ada511fa73843ae58b5e797eaa\"},\"headline\":\"Iran och dess allierade EU\",\"datePublished\":\"2016-06-08T19:46:34+00:00\",\"dateModified\":\"2020-06-03T11:43:27+00:00\",\"mainEntityOfPage\":{\"@id\":\"https:\/\/hashivah.org\/de\/iran-and-its-european-union-ally\/\"},\"wordCount\":1339,\"image\":{\"@id\":\"https:\/\/hashivah.org\/de\/iran-and-its-european-union-ally\/#primaryimage\"},\"thumbnailUrl\":\"https:\/\/hashivah.org\/wp-content\/uploads\/2016\/06\/o-IRAN-GERMAN-EU-facebook-1.jpg\",\"keywords\":[\"antisemitism\",\"David B. Goldberg\",\"European Union\",\"featured\",\"Hashivah\",\"Iran\",\"Lema'an Zion\",\"Muslims\"],\"articleSection\":[\"Artiklar\"],\"inLanguage\":\"sv-SE\"},{\"@type\":\"WebPage\",\"@id\":\"https:\/\/hashivah.org\/de\/iran-and-its-european-union-ally\/\",\"url\":\"https:\/\/hashivah.org\/de\/iran-and-its-european-union-ally\/\",\"name\":\"Iran och dess allierade EU - Lema&#039;an Zion\",\"isPartOf\":{\"@id\":\"https:\/\/hashivah.org\/#website\"},\"primaryImageOfPage\":{\"@id\":\"https:\/\/hashivah.org\/de\/iran-and-its-european-union-ally\/#primaryimage\"},\"image\":{\"@id\":\"https:\/\/hashivah.org\/de\/iran-and-its-european-union-ally\/#primaryimage\"},\"thumbnailUrl\":\"https:\/\/hashivah.org\/wp-content\/uploads\/2016\/06\/o-IRAN-GERMAN-EU-facebook-1.jpg\",\"datePublished\":\"2016-06-08T19:46:34+00:00\",\"dateModified\":\"2020-06-03T11:43:27+00:00\",\"author\":{\"@id\":\"https:\/\/hashivah.org\/#\/schema\/person\/2bddd9ada511fa73843ae58b5e797eaa\"},\"breadcrumb\":{\"@id\":\"https:\/\/hashivah.org\/de\/iran-and-its-european-union-ally\/#breadcrumb\"},\"inLanguage\":\"sv-SE\",\"potentialAction\":[{\"@type\":\"ReadAction\",\"target\":[\"https:\/\/hashivah.org\/de\/iran-and-its-european-union-ally\/\"]}]},{\"@type\":\"ImageObject\",\"inLanguage\":\"sv-SE\",\"@id\":\"https:\/\/hashivah.org\/de\/iran-and-its-european-union-ally\/#primaryimage\",\"url\":\"https:\/\/hashivah.org\/wp-content\/uploads\/2016\/06\/o-IRAN-GERMAN-EU-facebook-1.jpg\",\"contentUrl\":\"https:\/\/hashivah.org\/wp-content\/uploads\/2016\/06\/o-IRAN-GERMAN-EU-facebook-1.jpg\",\"width\":2000,\"height\":1000,\"caption\":\"BRENDAN SMIALOWSKI\/AFP\/Getty Images\"},{\"@type\":\"BreadcrumbList\",\"@id\":\"https:\/\/hashivah.org\/de\/iran-and-its-european-union-ally\/#breadcrumb\",\"itemListElement\":[{\"@type\":\"ListItem\",\"position\":1,\"name\":\"Home\",\"item\":\"https:\/\/hashivah.org\/\"},{\"@type\":\"ListItem\",\"position\":2,\"name\":\"Iran og dets allierede, EU\"}]},{\"@type\":\"WebSite\",\"@id\":\"https:\/\/hashivah.org\/#website\",\"url\":\"https:\/\/hashivah.org\/\",\"name\":\"Lema&#039;an Zion\",\"description\":\"My WordPress Blog\",\"potentialAction\":[{\"@type\":\"SearchAction\",\"target\":{\"@type\":\"EntryPoint\",\"urlTemplate\":\"https:\/\/hashivah.org\/?s={search_term_string}\"},\"query-input\":{\"@type\":\"PropertyValueSpecification\",\"valueRequired\":true,\"valueName\":\"search_term_string\"}}],\"inLanguage\":\"sv-SE\"},{\"@type\":\"Person\",\"@id\":\"https:\/\/hashivah.org\/#\/schema\/person\/2bddd9ada511fa73843ae58b5e797eaa\",\"name\":\"David B. Goldberg, M.A.\",\"image\":{\"@type\":\"ImageObject\",\"inLanguage\":\"sv-SE\",\"@id\":\"https:\/\/hashivah.org\/wp-content\/uploads\/2021\/11\/unnamed-150x150.png\",\"url\":\"https:\/\/hashivah.org\/wp-content\/uploads\/2021\/11\/unnamed-150x150.png\",\"contentUrl\":\"https:\/\/hashivah.org\/wp-content\/uploads\/2021\/11\/unnamed-150x150.png\",\"caption\":\"David B. Goldberg, M.A.\"},\"url\":\"https:\/\/hashivah.org\/sv\/author\/dave\/\"}]}<\/script>\n<!-- \/ Yoast SEO plugin. -->","yoast_head_json":{"title":"Iran och dess allierade EU - Lema&#039;an Zion","robots":{"index":"index","follow":"follow","max-snippet":"max-snippet:-1","max-image-preview":"max-image-preview:large","max-video-preview":"max-video-preview:-1"},"canonical":"https:\/\/hashivah.org\/de\/iran-and-its-european-union-ally\/","og_locale":"sv_SE","og_type":"article","og_title":"Iran och dess allierade EU - Lema&#039;an Zion","og_description":"Ett nytt och f\u00f6rb\u00e4ttrat Iran har under de senaste m\u00e5naderna v\u00e4lkomnats in i de civiliserade nationernas krets. Trots att Iran bara lovat att f\u00f6rdr\u00f6ja framst\u00e4llningen av k\u00e4rnvapen i cirka ett decennium, \u00e4r det f\u00f6rg\u00e5ngna f\u00f6rl\u00e5tet och handelsf\u00f6rbindelserna \u00e5terupptagna. I januari bes\u00f6kte Irans president Hassan Rouhani med 120 f\u00f6ljeslagare Italien och undertecknade handelsavtal till ett v\u00e4rde [&hellip;]","og_url":"https:\/\/hashivah.org\/de\/iran-and-its-european-union-ally\/","og_site_name":"Lema&#039;an Zion","article_published_time":"2016-06-08T19:46:34+00:00","article_modified_time":"2020-06-03T11:43:27+00:00","og_image":[{"width":2000,"height":1000,"url":"https:\/\/hashivah.org\/wp-content\/uploads\/2016\/06\/o-IRAN-GERMAN-EU-facebook-1.jpg","type":"image\/jpeg"}],"author":"David B. Goldberg, M.A.","twitter_card":"summary_large_image","twitter_misc":{"Skriven av":"David B. Goldberg, M.A.","Ber\u00e4knad l\u00e4stid":"7 minuter"},"schema":{"@context":"https:\/\/schema.org","@graph":[{"@type":"Article","@id":"https:\/\/hashivah.org\/de\/iran-and-its-european-union-ally\/#article","isPartOf":{"@id":"https:\/\/hashivah.org\/de\/iran-and-its-european-union-ally\/"},"author":{"name":"David B. Goldberg, M.A.","@id":"https:\/\/hashivah.org\/#\/schema\/person\/2bddd9ada511fa73843ae58b5e797eaa"},"headline":"Iran och dess allierade EU","datePublished":"2016-06-08T19:46:34+00:00","dateModified":"2020-06-03T11:43:27+00:00","mainEntityOfPage":{"@id":"https:\/\/hashivah.org\/de\/iran-and-its-european-union-ally\/"},"wordCount":1339,"image":{"@id":"https:\/\/hashivah.org\/de\/iran-and-its-european-union-ally\/#primaryimage"},"thumbnailUrl":"https:\/\/hashivah.org\/wp-content\/uploads\/2016\/06\/o-IRAN-GERMAN-EU-facebook-1.jpg","keywords":["antisemitism","David B. Goldberg","European Union","featured","Hashivah","Iran","Lema'an Zion","Muslims"],"articleSection":["Artiklar"],"inLanguage":"sv-SE"},{"@type":"WebPage","@id":"https:\/\/hashivah.org\/de\/iran-and-its-european-union-ally\/","url":"https:\/\/hashivah.org\/de\/iran-and-its-european-union-ally\/","name":"Iran och dess allierade EU - Lema&#039;an Zion","isPartOf":{"@id":"https:\/\/hashivah.org\/#website"},"primaryImageOfPage":{"@id":"https:\/\/hashivah.org\/de\/iran-and-its-european-union-ally\/#primaryimage"},"image":{"@id":"https:\/\/hashivah.org\/de\/iran-and-its-european-union-ally\/#primaryimage"},"thumbnailUrl":"https:\/\/hashivah.org\/wp-content\/uploads\/2016\/06\/o-IRAN-GERMAN-EU-facebook-1.jpg","datePublished":"2016-06-08T19:46:34+00:00","dateModified":"2020-06-03T11:43:27+00:00","author":{"@id":"https:\/\/hashivah.org\/#\/schema\/person\/2bddd9ada511fa73843ae58b5e797eaa"},"breadcrumb":{"@id":"https:\/\/hashivah.org\/de\/iran-and-its-european-union-ally\/#breadcrumb"},"inLanguage":"sv-SE","potentialAction":[{"@type":"ReadAction","target":["https:\/\/hashivah.org\/de\/iran-and-its-european-union-ally\/"]}]},{"@type":"ImageObject","inLanguage":"sv-SE","@id":"https:\/\/hashivah.org\/de\/iran-and-its-european-union-ally\/#primaryimage","url":"https:\/\/hashivah.org\/wp-content\/uploads\/2016\/06\/o-IRAN-GERMAN-EU-facebook-1.jpg","contentUrl":"https:\/\/hashivah.org\/wp-content\/uploads\/2016\/06\/o-IRAN-GERMAN-EU-facebook-1.jpg","width":2000,"height":1000,"caption":"BRENDAN SMIALOWSKI\/AFP\/Getty Images"},{"@type":"BreadcrumbList","@id":"https:\/\/hashivah.org\/de\/iran-and-its-european-union-ally\/#breadcrumb","itemListElement":[{"@type":"ListItem","position":1,"name":"Home","item":"https:\/\/hashivah.org\/"},{"@type":"ListItem","position":2,"name":"Iran og dets allierede, EU"}]},{"@type":"WebSite","@id":"https:\/\/hashivah.org\/#website","url":"https:\/\/hashivah.org\/","name":"Lema&#039;an Zion","description":"My WordPress Blog","potentialAction":[{"@type":"SearchAction","target":{"@type":"EntryPoint","urlTemplate":"https:\/\/hashivah.org\/?s={search_term_string}"},"query-input":{"@type":"PropertyValueSpecification","valueRequired":true,"valueName":"search_term_string"}}],"inLanguage":"sv-SE"},{"@type":"Person","@id":"https:\/\/hashivah.org\/#\/schema\/person\/2bddd9ada511fa73843ae58b5e797eaa","name":"David B. Goldberg, M.A.","image":{"@type":"ImageObject","inLanguage":"sv-SE","@id":"https:\/\/hashivah.org\/wp-content\/uploads\/2021\/11\/unnamed-150x150.png","url":"https:\/\/hashivah.org\/wp-content\/uploads\/2021\/11\/unnamed-150x150.png","contentUrl":"https:\/\/hashivah.org\/wp-content\/uploads\/2021\/11\/unnamed-150x150.png","caption":"David B. Goldberg, M.A."},"url":"https:\/\/hashivah.org\/sv\/author\/dave\/"}]}},"jetpack_featured_media_url":"https:\/\/hashivah.org\/wp-content\/uploads\/2016\/06\/o-IRAN-GERMAN-EU-facebook-1.jpg","wps_subtitle":"","_links":{"self":[{"href":"https:\/\/hashivah.org\/sv\/wp-json\/wp\/v2\/posts\/1328","targetHints":{"allow":["GET"]}}],"collection":[{"href":"https:\/\/hashivah.org\/sv\/wp-json\/wp\/v2\/posts"}],"about":[{"href":"https:\/\/hashivah.org\/sv\/wp-json\/wp\/v2\/types\/post"}],"author":[{"embeddable":true,"href":"https:\/\/hashivah.org\/sv\/wp-json\/wp\/v2\/users\/7"}],"replies":[{"embeddable":true,"href":"https:\/\/hashivah.org\/sv\/wp-json\/wp\/v2\/comments?post=1328"}],"version-history":[{"count":1,"href":"https:\/\/hashivah.org\/sv\/wp-json\/wp\/v2\/posts\/1328\/revisions"}],"predecessor-version":[{"id":3237,"href":"https:\/\/hashivah.org\/sv\/wp-json\/wp\/v2\/posts\/1328\/revisions\/3237"}],"wp:featuredmedia":[{"embeddable":true,"href":"https:\/\/hashivah.org\/sv\/wp-json\/wp\/v2\/media\/1330"}],"wp:attachment":[{"href":"https:\/\/hashivah.org\/sv\/wp-json\/wp\/v2\/media?parent=1328"}],"wp:term":[{"taxonomy":"category","embeddable":true,"href":"https:\/\/hashivah.org\/sv\/wp-json\/wp\/v2\/categories?post=1328"},{"taxonomy":"post_tag","embeddable":true,"href":"https:\/\/hashivah.org\/sv\/wp-json\/wp\/v2\/tags?post=1328"}],"curies":[{"name":"wp","href":"https:\/\/api.w.org\/{rel}","templated":true}]}}