{"id":1282,"date":"2016-05-25T16:22:42","date_gmt":"2016-05-25T13:22:42","guid":{"rendered":"http:\/\/hashivah.org\/?p=1282"},"modified":"2025-03-11T08:37:30","modified_gmt":"2025-03-11T08:37:30","slug":"how-a-jew-prays-in-europe","status":"publish","type":"post","link":"https:\/\/hashivah.org\/sv\/how-a-jew-prays-in-europe\/","title":{"rendered":"Att be som jude i Europa"},"content":{"rendered":"<p><\/p>\n<blockquote class=\"td_quote_box td_box_right\"><p>Ariel representerar tredje generationen i v\u00e5rt team n\u00e4r vi reser utomland p\u00e5 m\u00f6testurn\u00e9er. Med b\u00f6rjan 2010 vid 15 \u00e5rs \u00e5lder har han upptr\u00e4tt p\u00e5 piano och gitarr i ett halvdussin l\u00e4nder och sjungit s\u00e5v\u00e4l egna kompositioner som andras om Guds l\u00f6ften till sitt folk. I \u00e5r kommer han att framtr\u00e4da under juni, juli och november i Danmark, Schweiz, Sverige och Tyskland. Se hans musikvideos p\u00e5 v\u00e5r <a href=\"http:\/\/lemaanzion.se\/all-songs-playlist\">hemsida.<\/a><\/p>\n<p style=\"text-align: right;\">\u2013 Red.<\/p>\n<\/blockquote>\n<p><span class=\"dropcap dropcap3\"><b><i>\u201d<\/i><\/b><b><i>\u00d6<\/i><\/b><\/span><i>nska Jerusalem frid! M\u00e5 det g\u00e5 dem v\u00e4l som \u00e4lskar dig\u201d <\/i>(Ps. 122:6).<\/p>\n<p>Jag vill l\u00e5ta v\u00e5ra l\u00e4sare ta del av f\u00f6ljande ber\u00e4ttelse:<\/p>\n<p>Min mor var, tillsamman med min bror, i december i fjol p\u00e5 \u00e5rsdagen av sin mors d\u00f6d p\u00e5 bes\u00f6k hos sin \u00e5ldrande far i Danmark. Under sin vistelse gick de till Centrala synagogan och f\u00f6rsamlingscentret p\u00e5 Krystalgade i K\u00f6penhamn. Min mor ville visa min bror, p\u00e5 kort permission fr\u00e5n israeliska flygvapnet, den plats d\u00e4r hon hade f\u00f6rr\u00e4ttat b\u00f6n under sin uppv\u00e4xt.<\/p>\n<p>Den f\u00f6rsta i\u00f6gonfallande f\u00f6r\u00e4ndringen var att gatan nu var permanent avst\u00e4ngd f\u00f6r fordonstrafik. Vid synagogans huvudentr\u00e9 hejdades de av en s\u00e4kerhetsvakt som meddelade att de inte kunde komma in utan att sl\u00e5 grindens s\u00e4kerhetskod. Alternativt m\u00e5ste de ringa p\u00e5 klockan, v\u00e4nta p\u00e5 en anst\u00e4lld och f\u00f6rklara varf\u00f6r de ville komma in. Min mor ringde och efter en stund anl\u00e4nde synagogans <i>gabbai <\/i>(vaktm\u00e4stare). Min mor fick visa de israeliska pass som intygade deras judiska identitet och p\u00e5 klanderfri danska t\u00e5lmodigt f\u00f6rklara varf\u00f6r hon och hennes son \u00f6nskade komma in. N\u00e4r de strax d\u00e4refter sl\u00e4pptes in, m\u00e5ste de passera genom en d\u00f6rr av skotts\u00e4kert glas och v\u00e4nta i ett litet tillslutet rum tills denna d\u00f6rr st\u00e4ngts bakom dem och n\u00e4sta \u00f6ppnats, innan de kunde stiga in i synagogan. S\u00e5 g\u00e5r det till idag.<\/p>\n<p>Vaktm\u00e4staren visade dem den gamla, rikt dekorerade byggnad som min mor k\u00e4nde s\u00e5 v\u00e4l fr\u00e5n sin barndom och \u00f6nskade dem hj\u00e4rtligt v\u00e4lkomna tillbaka till <i>Shabat<\/i>-gudstj\u00e4nsterna senare i veckan.<\/p>\n<p><i>Den 15 februari 2015 besk\u00f6t Omar Abdel Hamid El-Hussein m\u00e4nniskor utanf\u00f6r synagogan, samlade f\u00f6r en 12-\u00e5rig flickas <\/i>bat mitsvah<i>-firande, och tr\u00e4ffade Dan Uzan, en 37-\u00e5rig judisk f\u00f6rsamlingsmedlem som gjorde vakttj\u00e4nst. Denne dog senare av en skottskada i huvudet. Min morfar hade ofta m\u00f6tt honom. F\u00f6r\u00f6varen sk\u00f6t och s\u00e5rade ocks\u00e5 tv\u00e5 poliser. Men tack vare den f\u00f6rst\u00e4rkta s\u00e4kerheten lyckades han inte komma in i byggnaden, och d\u00e4rmed kunde en \u00e4nnu st\u00f6rre tragedi undvikas.<\/i><\/p>\n<div id=\"attachment_1287\" style=\"width: 645px\" class=\"wp-caption aligncenter\"><a href=\"https:\/\/hashivah.org\/wp-content\/uploads\/2016\/05\/den_syn-1.jpg\"><img loading=\"lazy\" decoding=\"async\" aria-describedby=\"caption-attachment-1287\" class=\"wp-image-1287 size-full\" src=\"https:\/\/hashivah.org\/wp-content\/uploads\/2016\/05\/den_syn-1.jpg\" alt=\"V\u00e4l wishers reagerar som de ger blommor och t\u00e4nder ljus f\u00f6r att hedra fotograferings offer utanf\u00f6r huvud synagogan i K\u00f6penhamn, Danmark den 15 februari, 2015\" width=\"635\" height=\"357\" srcset=\"https:\/\/hashivah.org\/wp-content\/uploads\/2016\/05\/den_syn-1.jpg 635w, https:\/\/hashivah.org\/wp-content\/uploads\/2016\/05\/den_syn-1-300x169.jpg 300w, https:\/\/hashivah.org\/wp-content\/uploads\/2016\/05\/den_syn-1-150x83.jpg 150w, https:\/\/hashivah.org\/wp-content\/uploads\/2016\/05\/den_syn-1-335x188.jpg 335w\" sizes=\"auto, (max-width: 635px) 100vw, 635px\" \/><\/a><p id=\"caption-attachment-1287\" class=\"wp-caption-text\">Foto: AFP \/ Odd Andersen<\/p><\/div>\n<p>Jag f\u00f6rst\u00e5r mycket v\u00e4l varf\u00f6r en s\u00e5dan plats m\u00e5ste ha s\u00e5 stark s\u00e4kerhet. Det finns en anledning till de dubbla d\u00f6rrarna. Likas\u00e5 till avst\u00e4ngningen av gatan. Det finns en anledning till s\u00e4kerhetsvakterna och poliserna. Dessa f\u00f6rebyggande \u00e5tg\u00e4rder har tillkommit f\u00f6r att skydda livet p\u00e5 de judar som bara vill be till sin Gud. Ingenting annat.<\/p>\n<p>Jag har upplevt samma skydds\u00e5tg\u00e4rder i Frankfurt, Stockholm, Warszawa och Z\u00fcrich, och du kan vara f\u00f6rvissad om att de ocks\u00e5 finns i m\u00e5nga andra europeiska st\u00e4der: Amsterdam, Berlin, London, Oslo, Paris, Wien, etc. Men inte bara i Europa. Det finns vakter vid synagogentr\u00e9er \u00e4ven i Buenos Aires och Los Angeles.<\/p>\n<p><span class=\"dropcap dropcap3\">J<\/span>udar f\u00f6rf\u00f6ljs i sina b\u00f6nehus. Detta har inget samband med judiskt st\u00f6d f\u00f6r sionismen eller Israel. Dessa attacker \u00e4r ingen kamp mot n\u00e5gon p\u00e5st\u00e5dd ockupation. Attackerna p\u00e5 judar i Europa och annorst\u00e4des utf\u00f6rs av dem som hatar sj\u00e4lva den judiska existensen. Och i Mellan\u00f6stern \u00e4r redan nu \u00e4ven kristna deras n\u00e4sta offer.<\/p>\n<p>Jag skulle naturligtvis \u00f6nska att alla judar kom hem till Israel, precis som jag sj\u00e4lv. Men det befriar inte en nation fr\u00e5n sitt ansvar att skydda alla sina medborgare och l\u00e5ta dem leva utan terror och v\u00e5ld.<\/p>\n<p>Jag har skrivit denna uppsats i \u00f6nskan att h\u00f6ja medvetenheten om de s\u00e4kerhets\u00e5tg\u00e4rder som judar m\u00e5ste f\u00f6reta bara f\u00f6r att kunna <i>be<\/i> i Europa. Jag skriver till kristna v\u00e4nner eftersom jag kan g\u00e5 in i deras kyrkor utan att bli utfr\u00e5gad, kroppsvisiterad eller kr\u00e4vd p\u00e5 legitimation \u2013 vilket jag avundas dem. Jag skulle vilja g\u00f6ra detsamma n\u00e4r jag g\u00e5r in i en synagoga vid mitt n\u00e4sta bes\u00f6k i Danmark, Schweiz, Sverige eller Tyskland.<\/p>\n<p>Psalm 91 \u00e4r en trosbek\u00e4nnelse under p\u00e5frestande omst\u00e4ndigheter; andra versen inneh\u00e5ller nyckelorden: <i>\u201dI HERREN har jag min tillflykt och min borg, min Gud som jag f\u00f6rtr\u00f6star p\u00e5.\u201d<\/i><\/p>","protected":false},"excerpt":{"rendered":"<p>Ariel representerar tredje generationen i v\u00e5rt team n\u00e4r vi reser utomland p\u00e5 m\u00f6testurn\u00e9er. Med b\u00f6rjan 2010 vid 15 \u00e5rs \u00e5lder har han upptr\u00e4tt p\u00e5 piano och gitarr i ett halvdussin l\u00e4nder och sjungit s\u00e5v\u00e4l egna kompositioner som andras om Guds l\u00f6ften till sitt folk. I \u00e5r kommer han att framtr\u00e4da under juni, juli och november [&hellip;]<\/p>\n","protected":false},"author":9,"featured_media":1286,"comment_status":"closed","ping_status":"closed","sticky":false,"template":"","format":"standard","meta":{"_monsterinsights_skip_tracking":false,"_monsterinsights_sitenote_active":false,"_monsterinsights_sitenote_note":"","_monsterinsights_sitenote_category":0,"footnotes":""},"categories":[5,33],"tags":[34,35,36,7,8],"class_list":["post-1282","post","type-post","status-publish","format-standard","has-post-thumbnail","hentry","category-article","category-featured","tag-antisemitism","tag-ariel-m-goldberg","tag-europe","tag-hashivah","tag-lemaan-zion"],"yoast_head":"<!-- This site is optimized with the Yoast SEO plugin v27.2 - https:\/\/yoast.com\/product\/yoast-seo-wordpress\/ -->\n<title>Att be som jude i Europa - Lema&#039;an Zion<\/title>\n<meta name=\"robots\" content=\"index, follow, max-snippet:-1, max-image-preview:large, max-video-preview:-1\" \/>\n<link rel=\"canonical\" href=\"https:\/\/hashivah.org\/how-a-jew-prays-in-europe\/\" \/>\n<meta property=\"og:locale\" content=\"sv_SE\" \/>\n<meta property=\"og:type\" content=\"article\" \/>\n<meta property=\"og:title\" content=\"Att be som jude i Europa - Lema&#039;an Zion\" \/>\n<meta property=\"og:description\" content=\"Ariel representerar tredje generationen i v\u00e5rt team n\u00e4r vi reser utomland p\u00e5 m\u00f6testurn\u00e9er. Med b\u00f6rjan 2010 vid 15 \u00e5rs \u00e5lder har han upptr\u00e4tt p\u00e5 piano och gitarr i ett halvdussin l\u00e4nder och sjungit s\u00e5v\u00e4l egna kompositioner som andras om Guds l\u00f6ften till sitt folk. I \u00e5r kommer han att framtr\u00e4da under juni, juli och november [&hellip;]\" \/>\n<meta property=\"og:url\" content=\"https:\/\/hashivah.org\/how-a-jew-prays-in-europe\/\" \/>\n<meta property=\"og:site_name\" content=\"Lema&#039;an Zion\" \/>\n<meta property=\"article:published_time\" content=\"2016-05-25T13:22:42+00:00\" \/>\n<meta property=\"article:modified_time\" content=\"2025-03-11T08:37:30+00:00\" \/>\n<meta property=\"og:image\" content=\"https:\/\/hashivah.org\/wp-content\/uploads\/2016\/05\/syn2-1-1024x711.jpg\" \/>\n\t<meta property=\"og:image:width\" content=\"1024\" \/>\n\t<meta property=\"og:image:height\" content=\"711\" \/>\n\t<meta property=\"og:image:type\" content=\"image\/jpeg\" \/>\n<meta name=\"author\" content=\"Ariel M. Goldberg\" \/>\n<meta name=\"twitter:card\" content=\"summary_large_image\" \/>\n<meta name=\"twitter:label1\" content=\"Skriven av\" \/>\n\t<meta name=\"twitter:data1\" content=\"Ariel M. Goldberg\" \/>\n\t<meta name=\"twitter:label2\" content=\"Ber\u00e4knad l\u00e4stid\" \/>\n\t<meta name=\"twitter:data2\" content=\"4 minuter\" \/>\n<script type=\"application\/ld+json\" class=\"yoast-schema-graph\">{\"@context\":\"https:\/\/schema.org\",\"@graph\":[{\"@type\":\"Article\",\"@id\":\"https:\/\/hashivah.org\/how-a-jew-prays-in-europe\/#article\",\"isPartOf\":{\"@id\":\"https:\/\/hashivah.org\/how-a-jew-prays-in-europe\/\"},\"author\":{\"name\":\"Ariel M. Goldberg\",\"@id\":\"https:\/\/hashivah.org\/#\/schema\/person\/9f33b6864936ad73553b73b6f9604303\"},\"headline\":\"Att be som jude i Europa\",\"datePublished\":\"2016-05-25T13:22:42+00:00\",\"dateModified\":\"2025-03-11T08:37:30+00:00\",\"mainEntityOfPage\":{\"@id\":\"https:\/\/hashivah.org\/how-a-jew-prays-in-europe\/\"},\"wordCount\":3190,\"image\":{\"@id\":\"https:\/\/hashivah.org\/how-a-jew-prays-in-europe\/#primaryimage\"},\"thumbnailUrl\":\"https:\/\/hashivah.org\/wp-content\/uploads\/2016\/05\/syn2-1.jpg\",\"keywords\":[\"antisemitism\",\"Ariel M. Goldberg\",\"Europe\",\"Hashivah\",\"Lema'an Zion\"],\"articleSection\":[\"Artiklar\",\"Featured\"],\"inLanguage\":\"sv-SE\"},{\"@type\":\"WebPage\",\"@id\":\"https:\/\/hashivah.org\/how-a-jew-prays-in-europe\/\",\"url\":\"https:\/\/hashivah.org\/how-a-jew-prays-in-europe\/\",\"name\":\"Att be som jude i Europa - Lema&#039;an Zion\",\"isPartOf\":{\"@id\":\"https:\/\/hashivah.org\/#website\"},\"primaryImageOfPage\":{\"@id\":\"https:\/\/hashivah.org\/how-a-jew-prays-in-europe\/#primaryimage\"},\"image\":{\"@id\":\"https:\/\/hashivah.org\/how-a-jew-prays-in-europe\/#primaryimage\"},\"thumbnailUrl\":\"https:\/\/hashivah.org\/wp-content\/uploads\/2016\/05\/syn2-1.jpg\",\"datePublished\":\"2016-05-25T13:22:42+00:00\",\"dateModified\":\"2025-03-11T08:37:30+00:00\",\"author\":{\"@id\":\"https:\/\/hashivah.org\/#\/schema\/person\/9f33b6864936ad73553b73b6f9604303\"},\"breadcrumb\":{\"@id\":\"https:\/\/hashivah.org\/how-a-jew-prays-in-europe\/#breadcrumb\"},\"inLanguage\":\"sv-SE\",\"potentialAction\":[{\"@type\":\"ReadAction\",\"target\":[\"https:\/\/hashivah.org\/how-a-jew-prays-in-europe\/\"]}]},{\"@type\":\"ImageObject\",\"inLanguage\":\"sv-SE\",\"@id\":\"https:\/\/hashivah.org\/how-a-jew-prays-in-europe\/#primaryimage\",\"url\":\"https:\/\/hashivah.org\/wp-content\/uploads\/2016\/05\/syn2-1.jpg\",\"contentUrl\":\"https:\/\/hashivah.org\/wp-content\/uploads\/2016\/05\/syn2-1.jpg\",\"width\":2500,\"height\":1736},{\"@type\":\"BreadcrumbList\",\"@id\":\"https:\/\/hashivah.org\/how-a-jew-prays-in-europe\/#breadcrumb\",\"itemListElement\":[{\"@type\":\"ListItem\",\"position\":1,\"name\":\"Home\",\"item\":\"https:\/\/hashivah.org\/\"},{\"@type\":\"ListItem\",\"position\":2,\"name\":\"How a Jew Prays in Europe\"}]},{\"@type\":\"WebSite\",\"@id\":\"https:\/\/hashivah.org\/#website\",\"url\":\"https:\/\/hashivah.org\/\",\"name\":\"Lema&#039;an Zion\",\"description\":\"My WordPress Blog\",\"potentialAction\":[{\"@type\":\"SearchAction\",\"target\":{\"@type\":\"EntryPoint\",\"urlTemplate\":\"https:\/\/hashivah.org\/?s={search_term_string}\"},\"query-input\":{\"@type\":\"PropertyValueSpecification\",\"valueRequired\":true,\"valueName\":\"search_term_string\"}}],\"inLanguage\":\"sv-SE\"},{\"@type\":\"Person\",\"@id\":\"https:\/\/hashivah.org\/#\/schema\/person\/9f33b6864936ad73553b73b6f9604303\",\"name\":\"Ariel M. Goldberg\",\"image\":{\"@type\":\"ImageObject\",\"inLanguage\":\"sv-SE\",\"@id\":\"https:\/\/hashivah.org\/wp-content\/uploads\/2020\/08\/Annotation-2020-08-27-105309.png\",\"url\":\"https:\/\/hashivah.org\/wp-content\/uploads\/2020\/08\/Annotation-2020-08-27-105309.png\",\"contentUrl\":\"https:\/\/hashivah.org\/wp-content\/uploads\/2020\/08\/Annotation-2020-08-27-105309.png\",\"caption\":\"Ariel M. Goldberg\"},\"url\":\"https:\/\/hashivah.org\/sv\/author\/ariel\/\"}]}<\/script>\n<!-- \/ Yoast SEO plugin. -->","yoast_head_json":{"title":"Att be som jude i Europa - Lema&#039;an Zion","robots":{"index":"index","follow":"follow","max-snippet":"max-snippet:-1","max-image-preview":"max-image-preview:large","max-video-preview":"max-video-preview:-1"},"canonical":"https:\/\/hashivah.org\/how-a-jew-prays-in-europe\/","og_locale":"sv_SE","og_type":"article","og_title":"Att be som jude i Europa - Lema&#039;an Zion","og_description":"Ariel representerar tredje generationen i v\u00e5rt team n\u00e4r vi reser utomland p\u00e5 m\u00f6testurn\u00e9er. Med b\u00f6rjan 2010 vid 15 \u00e5rs \u00e5lder har han upptr\u00e4tt p\u00e5 piano och gitarr i ett halvdussin l\u00e4nder och sjungit s\u00e5v\u00e4l egna kompositioner som andras om Guds l\u00f6ften till sitt folk. I \u00e5r kommer han att framtr\u00e4da under juni, juli och november [&hellip;]","og_url":"https:\/\/hashivah.org\/how-a-jew-prays-in-europe\/","og_site_name":"Lema&#039;an Zion","article_published_time":"2016-05-25T13:22:42+00:00","article_modified_time":"2025-03-11T08:37:30+00:00","og_image":[{"width":1024,"height":711,"url":"https:\/\/hashivah.org\/wp-content\/uploads\/2016\/05\/syn2-1-1024x711.jpg","type":"image\/jpeg"}],"author":"Ariel M. Goldberg","twitter_card":"summary_large_image","twitter_misc":{"Skriven av":"Ariel M. Goldberg","Ber\u00e4knad l\u00e4stid":"4 minuter"},"schema":{"@context":"https:\/\/schema.org","@graph":[{"@type":"Article","@id":"https:\/\/hashivah.org\/how-a-jew-prays-in-europe\/#article","isPartOf":{"@id":"https:\/\/hashivah.org\/how-a-jew-prays-in-europe\/"},"author":{"name":"Ariel M. Goldberg","@id":"https:\/\/hashivah.org\/#\/schema\/person\/9f33b6864936ad73553b73b6f9604303"},"headline":"Att be som jude i Europa","datePublished":"2016-05-25T13:22:42+00:00","dateModified":"2025-03-11T08:37:30+00:00","mainEntityOfPage":{"@id":"https:\/\/hashivah.org\/how-a-jew-prays-in-europe\/"},"wordCount":3190,"image":{"@id":"https:\/\/hashivah.org\/how-a-jew-prays-in-europe\/#primaryimage"},"thumbnailUrl":"https:\/\/hashivah.org\/wp-content\/uploads\/2016\/05\/syn2-1.jpg","keywords":["antisemitism","Ariel M. Goldberg","Europe","Hashivah","Lema'an Zion"],"articleSection":["Artiklar","Featured"],"inLanguage":"sv-SE"},{"@type":"WebPage","@id":"https:\/\/hashivah.org\/how-a-jew-prays-in-europe\/","url":"https:\/\/hashivah.org\/how-a-jew-prays-in-europe\/","name":"Att be som jude i Europa - Lema&#039;an Zion","isPartOf":{"@id":"https:\/\/hashivah.org\/#website"},"primaryImageOfPage":{"@id":"https:\/\/hashivah.org\/how-a-jew-prays-in-europe\/#primaryimage"},"image":{"@id":"https:\/\/hashivah.org\/how-a-jew-prays-in-europe\/#primaryimage"},"thumbnailUrl":"https:\/\/hashivah.org\/wp-content\/uploads\/2016\/05\/syn2-1.jpg","datePublished":"2016-05-25T13:22:42+00:00","dateModified":"2025-03-11T08:37:30+00:00","author":{"@id":"https:\/\/hashivah.org\/#\/schema\/person\/9f33b6864936ad73553b73b6f9604303"},"breadcrumb":{"@id":"https:\/\/hashivah.org\/how-a-jew-prays-in-europe\/#breadcrumb"},"inLanguage":"sv-SE","potentialAction":[{"@type":"ReadAction","target":["https:\/\/hashivah.org\/how-a-jew-prays-in-europe\/"]}]},{"@type":"ImageObject","inLanguage":"sv-SE","@id":"https:\/\/hashivah.org\/how-a-jew-prays-in-europe\/#primaryimage","url":"https:\/\/hashivah.org\/wp-content\/uploads\/2016\/05\/syn2-1.jpg","contentUrl":"https:\/\/hashivah.org\/wp-content\/uploads\/2016\/05\/syn2-1.jpg","width":2500,"height":1736},{"@type":"BreadcrumbList","@id":"https:\/\/hashivah.org\/how-a-jew-prays-in-europe\/#breadcrumb","itemListElement":[{"@type":"ListItem","position":1,"name":"Home","item":"https:\/\/hashivah.org\/"},{"@type":"ListItem","position":2,"name":"How a Jew Prays in Europe"}]},{"@type":"WebSite","@id":"https:\/\/hashivah.org\/#website","url":"https:\/\/hashivah.org\/","name":"Lema&#039;an Zion","description":"My WordPress Blog","potentialAction":[{"@type":"SearchAction","target":{"@type":"EntryPoint","urlTemplate":"https:\/\/hashivah.org\/?s={search_term_string}"},"query-input":{"@type":"PropertyValueSpecification","valueRequired":true,"valueName":"search_term_string"}}],"inLanguage":"sv-SE"},{"@type":"Person","@id":"https:\/\/hashivah.org\/#\/schema\/person\/9f33b6864936ad73553b73b6f9604303","name":"Ariel M. Goldberg","image":{"@type":"ImageObject","inLanguage":"sv-SE","@id":"https:\/\/hashivah.org\/wp-content\/uploads\/2020\/08\/Annotation-2020-08-27-105309.png","url":"https:\/\/hashivah.org\/wp-content\/uploads\/2020\/08\/Annotation-2020-08-27-105309.png","contentUrl":"https:\/\/hashivah.org\/wp-content\/uploads\/2020\/08\/Annotation-2020-08-27-105309.png","caption":"Ariel M. Goldberg"},"url":"https:\/\/hashivah.org\/sv\/author\/ariel\/"}]}},"jetpack_featured_media_url":"https:\/\/hashivah.org\/wp-content\/uploads\/2016\/05\/syn2-1.jpg","wps_subtitle":"","_links":{"self":[{"href":"https:\/\/hashivah.org\/sv\/wp-json\/wp\/v2\/posts\/1282","targetHints":{"allow":["GET"]}}],"collection":[{"href":"https:\/\/hashivah.org\/sv\/wp-json\/wp\/v2\/posts"}],"about":[{"href":"https:\/\/hashivah.org\/sv\/wp-json\/wp\/v2\/types\/post"}],"author":[{"embeddable":true,"href":"https:\/\/hashivah.org\/sv\/wp-json\/wp\/v2\/users\/9"}],"replies":[{"embeddable":true,"href":"https:\/\/hashivah.org\/sv\/wp-json\/wp\/v2\/comments?post=1282"}],"version-history":[{"count":4,"href":"https:\/\/hashivah.org\/sv\/wp-json\/wp\/v2\/posts\/1282\/revisions"}],"predecessor-version":[{"id":4686,"href":"https:\/\/hashivah.org\/sv\/wp-json\/wp\/v2\/posts\/1282\/revisions\/4686"}],"wp:featuredmedia":[{"embeddable":true,"href":"https:\/\/hashivah.org\/sv\/wp-json\/wp\/v2\/media\/1286"}],"wp:attachment":[{"href":"https:\/\/hashivah.org\/sv\/wp-json\/wp\/v2\/media?parent=1282"}],"wp:term":[{"taxonomy":"category","embeddable":true,"href":"https:\/\/hashivah.org\/sv\/wp-json\/wp\/v2\/categories?post=1282"},{"taxonomy":"post_tag","embeddable":true,"href":"https:\/\/hashivah.org\/sv\/wp-json\/wp\/v2\/tags?post=1282"}],"curies":[{"name":"wp","href":"https:\/\/api.w.org\/{rel}","templated":true}]}}